{"id":9527,"date":"2018-02-02T20:24:49","date_gmt":"2018-02-02T20:24:49","guid":{"rendered":"http:\/\/sintema.org.br\/sintema\/?p=9527"},"modified":"2018-02-02T20:24:49","modified_gmt":"2018-02-02T20:24:49","slug":"governo-edita-nova-regra-de-planos-de-saude-para-empresas-estatais","status":"publish","type":"post","link":"http:\/\/sintema.org.br\/sintema\/governo-edita-nova-regra-de-planos-de-saude-para-empresas-estatais\/","title":{"rendered":"Governo edita nova regra de planos de sa\u00fade para empresas estatais"},"content":{"rendered":"<p dir=\"ltr\">De acordo com a assessoria jur\u00eddica da FASUBRA Sindical, a resolu\u00e7\u00e3o n\u00e3o se aplica aos estatut\u00e1rios regidos pela Lei n\u00ba 8.112\/90.<\/p>\n<p><a href=\"http:\/\/sintema.org.br\/sintema\/wp-content\/uploads\/2012\/10\/geap-saude.jpg\"><img loading=\"lazy\" class=\"alignnone size-medium wp-image-2956\" src=\"http:\/\/sintema.org.br\/sintema\/wp-content\/uploads\/2012\/10\/geap-saude-300x237.jpg\" alt=\"\" height=\"237\" width=\"300\" srcset=\"http:\/\/sintema.org.br\/sintema\/wp-content\/uploads\/2012\/10\/geap-saude-300x237.jpg 300w, http:\/\/sintema.org.br\/sintema\/wp-content\/uploads\/2012\/10\/geap-saude.jpg 379w\" sizes=\"(max-width: 300px) 100vw, 300px\" \/><\/a><\/p>\n<p dir=\"ltr\">No dia 26 de janeiro, o governo federal publicou no Di\u00e1rio Oficial da Uni\u00e3o uma resolu\u00e7\u00e3o que atinge os benef\u00edcios de assist\u00eancia \u00e0 sa\u00fade dos empregados de empresas estatais. De acordo com o Minist\u00e9rio do Planejamento, Desenvolvimento e Gest\u00e3o, passa a vigorar a paridade entre a contribui\u00e7\u00e3o do empregador e a contribui\u00e7\u00e3o do empregado nas diversas modalidades de assist\u00eancia \u00e0 sa\u00fade hoje existentes.<\/p>\n<p>&nbsp;<\/p>\n<p dir=\"ltr\">A &nbsp;<a href=\"http:\/\/www.planejamento.gov.br\/assuntos\/empresas-estatais\/legislacao\/resolucao-no-23-de-18-de-janeiro-de-2018-diario-oficial-da-uniao-imprensa-nacional.pdf\">Resolu\u00e7\u00e3o n\u00ba 23<\/a>, de 18 de janeiro de 2018, estabelece a cobran\u00e7a de mensalidade de acordo com a faixa et\u00e1ria do benefici\u00e1rio, fixa\u00e7\u00e3o do prazo de car\u00eancia aos empregados que realizarem a ades\u00e3o ap\u00f3s 90 dias do in\u00edcio do contrato de trabalho e limita\u00e7\u00e3o de dependentes aos c\u00f4njuges, filhos e menores sob tutela.<\/p>\n<p>&nbsp;<\/p>\n<p dir=\"ltr\">Os pr\u00f3ximos editais de processos seletivos para admiss\u00e3o de empregados das empresas estatais federais n\u00e3o dever\u00e3o prever o oferecimento de benef\u00edcios de assist\u00eancia \u00e0 sa\u00fade. As empresas tem o prazo de quatro anos para se adequar \u00e0 resolu\u00e7\u00e3o.<\/p>\n<p>&nbsp;<\/p>\n<p dir=\"ltr\">De acordo com a assessoria jur\u00eddica da FASUBRA Sindical, a resolu\u00e7\u00e3o n\u00e3o se aplica aos estatut\u00e1rios regidos pela Lei n\u00ba 8.112\/90. \u201cAtinge apenas empregados p\u00fablicos, regidos pela CLT de empresas estatais (empresas p\u00fablicas e sociedades de economia mista) federais\u2019. &nbsp;<\/p>\n<p>&nbsp;<\/p>\n<p dir=\"ltr\">Para a FASUBRA, a resolu\u00e7\u00e3o \u00e9 uma cont\u00ednua tend\u00eancia da pol\u00edtica de desmonte do Estado Brasileiro e busca ampliar o ajuste fiscal contra os trabalhadores do servi\u00e7o p\u00fablico. \u201cEmbora a resolu\u00e7\u00e3o exclua inicialmente os estatut\u00e1rios, a dire\u00e7\u00e3o da Fasubra denuncia mais um ataque desse governo golpista, que insiste em uma pauta que s\u00f3 retira direitos dos trabalhadores e beneficia pol\u00edticos corruptos e grandes empres\u00e1rios\u201d.<\/p>\n<p dir=\"ltr\">&nbsp;<\/p>\n<p dir=\"ltr\">A FASUBRA orienta o debate do tema nas assembleias das entidades de base e a realiza\u00e7\u00e3o de reuni\u00f5es com a administra\u00e7\u00e3o superior, para garantir as atuais pol\u00edticas de sa\u00fade aos trabalhadores nas IFEs. \u201cParte da luta deve ser para que os valores e normas regulamentadoras sejam adequadas aos custos operacionais dos planos de sa\u00fade geridos pelo governo ou iniciativa privada (coparticipa\u00e7\u00e3o). J\u00e1 basta de ataques proferidos nas universidades como a retirada da insalubridade em alguns setores dos hospitais universit\u00e1rios e laborat\u00f3rios\u201d.<\/p>\n<p dir=\"ltr\">&nbsp;<\/p>\n<p dir=\"ltr\"><strong>&nbsp;<\/strong><\/p>\n<p dir=\"ltr\">&nbsp;<\/p>\n<p dir=\"ltr\">Assessoria de Comunica\u00e7\u00e3o FASUBRA Sindical<\/p>\n","protected":false},"excerpt":{"rendered":"<p>De acordo com a assessoria jur\u00eddica da FASUBRA Sindical, a resolu\u00e7\u00e3o n\u00e3o se aplica aos estatut\u00e1rios regidos pela Lei n\u00ba 8.112\/90. No dia 26 de janeiro, o governo federal publicou no Di\u00e1rio Oficial da Uni\u00e3o uma resolu\u00e7\u00e3o que atinge os benef\u00edcios de assist\u00eancia \u00e0 sa\u00fade dos empregados de empresas estatais. De acordo com o Minist\u00e9rio [&hellip;]<\/p>\n","protected":false},"author":2,"featured_media":0,"comment_status":"open","ping_status":"open","sticky":false,"template":"","format":"standard","meta":[],"categories":[5,18],"tags":[],"_links":{"self":[{"href":"http:\/\/sintema.org.br\/sintema\/wp-json\/wp\/v2\/posts\/9527"}],"collection":[{"href":"http:\/\/sintema.org.br\/sintema\/wp-json\/wp\/v2\/posts"}],"about":[{"href":"http:\/\/sintema.org.br\/sintema\/wp-json\/wp\/v2\/types\/post"}],"author":[{"embeddable":true,"href":"http:\/\/sintema.org.br\/sintema\/wp-json\/wp\/v2\/users\/2"}],"replies":[{"embeddable":true,"href":"http:\/\/sintema.org.br\/sintema\/wp-json\/wp\/v2\/comments?post=9527"}],"version-history":[{"count":1,"href":"http:\/\/sintema.org.br\/sintema\/wp-json\/wp\/v2\/posts\/9527\/revisions"}],"predecessor-version":[{"id":9528,"href":"http:\/\/sintema.org.br\/sintema\/wp-json\/wp\/v2\/posts\/9527\/revisions\/9528"}],"wp:attachment":[{"href":"http:\/\/sintema.org.br\/sintema\/wp-json\/wp\/v2\/media?parent=9527"}],"wp:term":[{"taxonomy":"category","embeddable":true,"href":"http:\/\/sintema.org.br\/sintema\/wp-json\/wp\/v2\/categories?post=9527"},{"taxonomy":"post_tag","embeddable":true,"href":"http:\/\/sintema.org.br\/sintema\/wp-json\/wp\/v2\/tags?post=9527"}],"curies":[{"name":"wp","href":"https:\/\/api.w.org\/{rel}","templated":true}]}}