{"id":9529,"date":"2018-02-06T12:24:12","date_gmt":"2018-02-06T12:24:12","guid":{"rendered":"http:\/\/sintema.org.br\/sintema\/?p=9529"},"modified":"2018-02-06T12:25:13","modified_gmt":"2018-02-06T12:25:13","slug":"fasubra-pressiona-parlamentares-contra-a-reforma-da-previdencia-no-aeroporto-de-brasilia","status":"publish","type":"post","link":"http:\/\/sintema.org.br\/sintema\/fasubra-pressiona-parlamentares-contra-a-reforma-da-previdencia-no-aeroporto-de-brasilia\/","title":{"rendered":"FASUBRA pressiona parlamentares contra a reforma da Previd\u00eancia no aeroporto de Bras\u00edlia"},"content":{"rendered":"<p dir=\"ltr\">Com faixas, bandeiras e instrumentos de percuss\u00e3o, trabalhadores do servi\u00e7o p\u00fablico federal, iniciativa privada, trabalhadores rurais e dos movimentos sociais gritaram o mote &#8220;se votar n\u00e3o volta. Ou param a reforma ou paramos o Brasil&#8221;.<\/p>\n<p dir=\"ltr\"><a href=\"http:\/\/sintema.org.br\/sintema\/wp-content\/uploads\/2018\/02\/Ato-no-aerorporto-JK-6-web.jpg\"><img loading=\"lazy\" class=\"alignnone size-medium wp-image-9530\" src=\"http:\/\/sintema.org.br\/sintema\/wp-content\/uploads\/2018\/02\/Ato-no-aerorporto-JK-6-web-300x168.jpg\" alt=\"\" height=\"168\" width=\"300\"><\/a><\/p>\n<p dir=\"ltr\">Nesta manh\u00e3, 05, diretores da Federa\u00e7\u00e3o e trabalhadores da base da FASUBRA Sindical participaram de um ato contra a proposta de reforma da Previd\u00eancia, no aeroporto internacional de Bras\u00edlia-DF. O objetivo \u00e9 pressionar os parlamentares que desembarcaram na capital federal para in\u00edcio do ano legislativo a votar contra a reforma.<\/p>\n<p dir=\"ltr\">&nbsp;<\/p>\n<p dir=\"ltr\">Com faixas, bandeiras e instrumentos de percuss\u00e3o, trabalhadores do servi\u00e7o p\u00fablico federal, iniciativa privada, trabalhadores rurais e dos movimentos sociais gritaram o mote &#8220;se votar, n\u00e3o volta. Ou param a reforma ou paramos o Brasil&#8221;.<\/p>\n<p dir=\"ltr\">&nbsp;<\/p>\n<p dir=\"ltr\">Organizaram a manifesta\u00e7\u00e3o as entidades integrantes do &nbsp;F\u00f3rum das Entidades Nacionais dos Servidores P\u00fablicos Federais (Fonasefe) e do F\u00f3rum Nacional Permanente das Carreiras T\u00edpicas de Estado (Fonacate), movimentos sociais da cidade e do campo.<\/p>\n<p dir=\"ltr\">&nbsp;<\/p>\n<p dir=\"ltr\"><img loading=\"lazy\" class=\"\" src=\"http:\/\/fasubra.org.br\/images\/2018\/Fevereiro\/Ato%20no%20aerorporto%20JK%208%20web.jpg\" alt=\"\" height=\"229\" width=\"408\"><\/p>\n<p dir=\"ltr\">&nbsp;<\/p>\n<p dir=\"ltr\">Plen\u00e1rio da C\u00e2mara<\/p>\n<p dir=\"ltr\">Na ter\u00e7a-feira, 06, o relator da reforma na C\u00e2mara, Arthur Maia (PPS-BA), apresenta a nova vers\u00e3o do texto (Emenda Aglutinativa) no plen\u00e1rio. O substitutivo aprovado na Comiss\u00e3o Especial da reforma da Previd\u00eancia aumenta o tempo de contribui\u00e7\u00e3o de 15 para 25 anos e a idade m\u00ednima dos homens para 65 anos e das mulheres para 62 anos (a partir de 2022).<\/p>\n<p dir=\"ltr\">&nbsp;<\/p>\n<p dir=\"ltr\">As regras para alcan\u00e7ar o benef\u00edcio ser\u00e3o as mesmas para o Regime Geral de Previd\u00eancia Social (RGPS) e o Regime Pr\u00f3prio de Previd\u00eancia Social (RPPS). Os trabalhadores rurais, professores do ensino b\u00e1sico, pol\u00edcias legislativa, federal, rodovi\u00e1ria, ferrovi\u00e1ria e civile os que praticam atividades prejudiciais \u00e0 sa\u00fade ter\u00e3o idade m\u00ednima menor. &nbsp;<\/p>\n<p dir=\"ltr\">&nbsp;<\/p>\n<p dir=\"ltr\">A pens\u00e3o por morte s\u00f3 poder\u00e1 ser acumulada com limite de dois sal\u00e1rios m\u00ednimos. O texto permite que a Uni\u00e3o, estados e munic\u00edpios patrocinem planos de previd\u00eancia complementar de entidades abertas e fechadas que n\u00e3o tenham sido criadas pelos pr\u00f3prios entes, inclusive, abre a possibilidade de privatiza\u00e7\u00e3o da previd\u00eancia complementar dos servidores p\u00fablicos.<\/p>\n<p dir=\"ltr\">&nbsp;<\/p>\n<p dir=\"ltr\"><img loading=\"lazy\" class=\"\" src=\"http:\/\/fasubra.org.br\/images\/2018\/Fevereiro\/Ato%20no%20aerorporto%20JK%207%20-%20web.jpg\" alt=\"\" height=\"199\" width=\"354\"><\/p>\n<p>&nbsp;<\/p>\n<p dir=\"ltr\">Ato contra a reforma da Previd\u00eancia e em defesa da democracia<\/p>\n<p dir=\"ltr\">Tamb\u00e9m no dia 06, \u00e0s 9 horas acontece a audi\u00eancia p\u00fablica \u201c O relat\u00f3rio da CPI da Previd\u00eancia\u201d na Comiss\u00e3o de Direitos Humanos e Legisla\u00e7\u00e3o Participativa do Senado Federal.<\/p>\n<p>&nbsp;<\/p>\n<p dir=\"ltr\">\u00c0s 14 horas os representantes da Frente Parlamentar Mista em Defesa da Previd\u00eancia Social se re\u00fanem no Ato contra a Reforma da Previd\u00eancia e em defesa da democracia no plen\u00e1rio 14 da C\u00e2mara dos Deputados, para discutir a\u00e7\u00f5es.<\/p>\n<p>&nbsp;<\/p>\n<p dir=\"ltr\">Semin\u00e1rio<\/p>\n<p dir=\"ltr\">Dias 19 e 20 de fevereiro, acontece o Semin\u00e1rio em Defesa da Previd\u00eancia P\u00fablica \u201cA Previd\u00eancia Social que Queremos\u201d, no audit\u00f3rio Petr\u00f4nio Portela do Senado Federal. Na ocasi\u00e3o, a representa\u00e7\u00e3o do movimento sindical argentino vai compartilhar a experi\u00eancia da luta contra a reforma da Previd\u00eancia no pa\u00eds vizinho no fim do ano de 2017.<\/p>\n<p>&nbsp;<\/p>\n<p dir=\"ltr\">Ser\u00e3o ministradas palestras &nbsp;sobre a emenda aglutinativa proposta pelo governo e o resultado da CPI da Previd\u00eancia do Senado. O evento come\u00e7a \u00e0s 14 horas, do dia 19 de fevereiro e segue durante todo o dia 20.<\/p>\n<p>&nbsp;<\/p>\n<p dir=\"ltr\">Servi\u00e7o<\/p>\n<p dir=\"ltr\">Audi\u00eancia p\u00fablica &#8211; O relat\u00f3rio da CPI da Previd\u00eancia<\/p>\n<p dir=\"ltr\">Dia: 06\/02\/2018<\/p>\n<p dir=\"ltr\">Hora: 9h<\/p>\n<p dir=\"ltr\">Local: Comiss\u00e3o de Direitos Humanos e Legisla\u00e7\u00e3o Participativa do Senado Federal<\/p>\n<p>&nbsp;<\/p>\n<p dir=\"ltr\">Ato contra a reforma da Previd\u00eancia e em defesa da democracia<\/p>\n<p dir=\"ltr\">Dia: 06\/02\/2018<\/p>\n<p dir=\"ltr\">Hora: 14 horas<\/p>\n<p dir=\"ltr\">Local: C\u00e2mara dos Deputados, Plen\u00e1rio 2, Anexo II<\/p>\n<p>&nbsp;<\/p>\n<p dir=\"ltr\">Semin\u00e1rio em Defesa da Previd\u00eancia P\u00fablica \u201cA Previd\u00eancia Social que Queremos\u201d<\/p>\n<p dir=\"ltr\">Dia: 19 e 20\/02\/2018<\/p>\n<p dir=\"ltr\">Hora: 14h<\/p>\n<p dir=\"ltr\">Local: Audit\u00f3rio Petr\u00f4nio Portela do Senado Federal<\/p>\n<p dir=\"ltr\">&nbsp;<\/p>\n<p dir=\"ltr\">Assessoria de Comunica\u00e7\u00e3o FASUBRA Sindical<\/p>\n","protected":false},"excerpt":{"rendered":"<p>Com faixas, bandeiras e instrumentos de percuss\u00e3o, trabalhadores do servi\u00e7o p\u00fablico federal, iniciativa privada, trabalhadores rurais e dos movimentos sociais gritaram o mote &#8220;se votar n\u00e3o volta. Ou param a reforma ou paramos o Brasil&#8221;. Nesta manh\u00e3, 05, diretores da Federa\u00e7\u00e3o e trabalhadores da base da FASUBRA Sindical participaram de um ato contra a proposta [&hellip;]<\/p>\n","protected":false},"author":2,"featured_media":0,"comment_status":"open","ping_status":"open","sticky":false,"template":"","format":"standard","meta":[],"categories":[5,18],"tags":[],"_links":{"self":[{"href":"http:\/\/sintema.org.br\/sintema\/wp-json\/wp\/v2\/posts\/9529"}],"collection":[{"href":"http:\/\/sintema.org.br\/sintema\/wp-json\/wp\/v2\/posts"}],"about":[{"href":"http:\/\/sintema.org.br\/sintema\/wp-json\/wp\/v2\/types\/post"}],"author":[{"embeddable":true,"href":"http:\/\/sintema.org.br\/sintema\/wp-json\/wp\/v2\/users\/2"}],"replies":[{"embeddable":true,"href":"http:\/\/sintema.org.br\/sintema\/wp-json\/wp\/v2\/comments?post=9529"}],"version-history":[{"count":2,"href":"http:\/\/sintema.org.br\/sintema\/wp-json\/wp\/v2\/posts\/9529\/revisions"}],"predecessor-version":[{"id":9532,"href":"http:\/\/sintema.org.br\/sintema\/wp-json\/wp\/v2\/posts\/9529\/revisions\/9532"}],"wp:attachment":[{"href":"http:\/\/sintema.org.br\/sintema\/wp-json\/wp\/v2\/media?parent=9529"}],"wp:term":[{"taxonomy":"category","embeddable":true,"href":"http:\/\/sintema.org.br\/sintema\/wp-json\/wp\/v2\/categories?post=9529"},{"taxonomy":"post_tag","embeddable":true,"href":"http:\/\/sintema.org.br\/sintema\/wp-json\/wp\/v2\/tags?post=9529"}],"curies":[{"name":"wp","href":"https:\/\/api.w.org\/{rel}","templated":true}]}}