{"id":9534,"date":"2018-02-08T11:58:20","date_gmt":"2018-02-08T11:58:20","guid":{"rendered":"http:\/\/sintema.org.br\/sintema\/?p=9534"},"modified":"2018-02-08T11:58:20","modified_gmt":"2018-02-08T11:58:20","slug":"parlamentares-junto-a-movimentos-sindicais-e-sociais-intensificam-ofensiva-contra-a-reforma-da-previdencia","status":"publish","type":"post","link":"http:\/\/sintema.org.br\/sintema\/parlamentares-junto-a-movimentos-sindicais-e-sociais-intensificam-ofensiva-contra-a-reforma-da-previdencia\/","title":{"rendered":"Parlamentares junto a movimentos sindicais e sociais intensificam ofensiva contra a reforma da Previd\u00eancia"},"content":{"rendered":"<p dir=\"ltr\">Especialistas questionaram inconstitucionalidade da proposta.<\/p>\n<p><a href=\"http:\/\/sintema.org.br\/sintema\/wp-content\/uploads\/2018\/02\/Ato-em-defesa-da-previdncia-social-060218-5-web.jpg\"><img loading=\"lazy\" class=\"alignnone size-medium wp-image-9535\" src=\"http:\/\/sintema.org.br\/sintema\/wp-content\/uploads\/2018\/02\/Ato-em-defesa-da-previdncia-social-060218-5-web-300x199.jpg\" alt=\"\" height=\"199\" width=\"300\" srcset=\"http:\/\/sintema.org.br\/sintema\/wp-content\/uploads\/2018\/02\/Ato-em-defesa-da-previdncia-social-060218-5-web-300x199.jpg 300w, http:\/\/sintema.org.br\/sintema\/wp-content\/uploads\/2018\/02\/Ato-em-defesa-da-previdncia-social-060218-5-web.jpg 640w\" sizes=\"(max-width: 300px) 100vw, 300px\" \/><\/a><\/p>\n<p dir=\"ltr\">Na manh\u00e3 de ter\u00e7a-feira, 06, a FASUBRA Sindical acompanhou a audi\u00eancia p\u00fablica que discutiu o relat\u00f3rio da CPI da Previd\u00eancia na Comiss\u00e3o de Direitos Humanos e Legisla\u00e7\u00e3o Participativa do Senado Federal. Presidida pelo senador Paulo Paim (PT\/RS), a sess\u00e3o contou com a presen\u00e7a de parlamentares, especialistas sobre previd\u00eancia e representantes dos movimentos sindical e social. Coordenadores e militantes da base da Federa\u00e7\u00e3o prestigiaram o evento.<\/p>\n<p>&nbsp;<\/p>\n<p dir=\"ltr\">Especialistas questionaram inconstitucionalidade da proposta. Segundo Mauro Silva, da Associa\u00e7\u00e3o Nacional dos Auditores Fiscais da Receita Federal, a Constitui\u00e7\u00e3o tem entre os princ\u00edpios b\u00e1sicos o direito social, que s\u00f3 pode ser retirado caso n\u00e3o tenha outro meio para ajustar as contas p\u00fablicas.<\/p>\n<p dir=\"ltr\">&nbsp;<\/p>\n<p dir=\"ltr\"><img loading=\"lazy\" class=\"\" src=\"http:\/\/fasubra.org.br\/images\/2018\/Fevereiro\/Audincia%20-%20Relatrio%20CPI%20da%20Previdncia%2026%20web.jpg\" alt=\"\" height=\"347\" width=\"462\"><\/p>\n<p>&nbsp;<\/p>\n<p dir=\"ltr\">Para Silva, na CPI da Previd\u00eancia v\u00e1rias entidades mostraram que, \u201co governo n\u00e3o faz sua li\u00e7\u00e3o de casa para ajustar as contas da Previd\u00eancia, n\u00e3o combate fraude, n\u00e3o combate a sonega\u00e7\u00e3o e d\u00e1 benef\u00edcios fiscais a empres\u00e1rios que tem alta capacidade de contribuir para o Estado\u201d. De acordo com Silva, n\u00e3o h\u00e1 necessidade de reforma.<\/p>\n<p>&nbsp;<\/p>\n<p dir=\"ltr\">Segundo o senador H\u00e9lio Jos\u00e9 (PROS\/DF), o relat\u00f3rio foi aprovado por unanimidade, inclusive pelo l\u00edder do governo na Casa, demonstrando que as contas estavam em bases erradas. \u201cNa verdade, o que ocorre \u00e9 uma grande falta de gest\u00e3o e de direcionamento correto, al\u00e9m do sucateamento do INSS\u201d, disse.<\/p>\n<p>&nbsp;<\/p>\n<p dir=\"ltr\">Ap\u00f3s a divulga\u00e7\u00e3o do relat\u00f3rio da CPI da Previd\u00eancia, R$ 43 bilh\u00f5es foram retirados da Seguridade Social e da Previd\u00eancia, de acordo com dados da Receita Federal de empresas petrol\u00edferas e do agroneg\u00f3cio.<\/p>\n<p>&nbsp;<\/p>\n<p dir=\"ltr\">Ato contra a Reforma da Previd\u00eancia<\/p>\n<p dir=\"ltr\">No per\u00edodo da tarde, a FASUBRA Sindical participou do Ato contra a Reforma da Previd\u00eancia e em defesa da democracia. Parlamentares e movimentos sindical e social lotaram o plen\u00e1rio 2 &nbsp;da C\u00e2mara dos Deputados.<\/p>\n<p>&nbsp;<\/p>\n<p><img loading=\"lazy\" class=\"\" src=\"http:\/\/fasubra.org.br\/images\/2018\/Fevereiro\/Ato%20em%20defesa%20da%20previdncia%20social%20060218%2027%20web.jpg\" alt=\"\" height=\"299\" width=\"452\"><\/p>\n<p>&nbsp;<\/p>\n<p dir=\"ltr\">Com o mote, \u201cse votar, n\u00e3o volta\u201d, os manifestantes deixaram claro a posi\u00e7\u00e3o contr\u00e1ria a aprova\u00e7\u00e3o da reforma da Previd\u00eancia aos parlamentares. A oposi\u00e7\u00e3o ao governo no congresso tem como estrat\u00e9gia iniciar &nbsp;o ano com obstru\u00e7\u00e3o do Legislativo, at\u00e9 a retirada da reforma da Previd\u00eancia da pauta da casa. Duas medidas provis\u00f3rias n\u00e3o foram votadas no plen\u00e1rio da C\u00e2mara, a que alonga o prazo para investimentos das empresas em rodovias federais objeto de concess\u00e3o (MP 800\/17) e outra sobre renegocia\u00e7\u00e3o de d\u00edvidas de entes federativos com a Uni\u00e3o (MP 801\/17).<\/p>\n<p>&nbsp;<\/p>\n<p dir=\"ltr\">Os movimentos sindical e social seguem construindo atos nos estados e aeroportos pressionando os parlamentares contra a reforma. No dia 19 de fevereiro, centrais sindicais e movimentos populares organizam uma paralisa\u00e7\u00e3o em todo o pa\u00eds.<\/p>\n<p>&nbsp;<\/p>\n<p dir=\"ltr\">A FASUBRA orienta a participa\u00e7\u00e3o das entidades de base a realizarem, onde for poss\u00edvel, paralisa\u00e7\u00e3o com &nbsp;atos de rua &nbsp;e nos &nbsp;aeroportos.<\/p>\n<p>&nbsp;<\/p>\n<p dir=\"ltr\">Assessoria de Comunica\u00e7\u00e3o FASUBRA Sindical<\/p>\n","protected":false},"excerpt":{"rendered":"<p>Especialistas questionaram inconstitucionalidade da proposta. Na manh\u00e3 de ter\u00e7a-feira, 06, a FASUBRA Sindical acompanhou a audi\u00eancia p\u00fablica que discutiu o relat\u00f3rio da CPI da Previd\u00eancia na Comiss\u00e3o de Direitos Humanos e Legisla\u00e7\u00e3o Participativa do Senado Federal. Presidida pelo senador Paulo Paim (PT\/RS), a sess\u00e3o contou com a presen\u00e7a de parlamentares, especialistas sobre previd\u00eancia e representantes [&hellip;]<\/p>\n","protected":false},"author":2,"featured_media":0,"comment_status":"open","ping_status":"open","sticky":false,"template":"","format":"standard","meta":[],"categories":[5,18],"tags":[],"_links":{"self":[{"href":"http:\/\/sintema.org.br\/sintema\/wp-json\/wp\/v2\/posts\/9534"}],"collection":[{"href":"http:\/\/sintema.org.br\/sintema\/wp-json\/wp\/v2\/posts"}],"about":[{"href":"http:\/\/sintema.org.br\/sintema\/wp-json\/wp\/v2\/types\/post"}],"author":[{"embeddable":true,"href":"http:\/\/sintema.org.br\/sintema\/wp-json\/wp\/v2\/users\/2"}],"replies":[{"embeddable":true,"href":"http:\/\/sintema.org.br\/sintema\/wp-json\/wp\/v2\/comments?post=9534"}],"version-history":[{"count":1,"href":"http:\/\/sintema.org.br\/sintema\/wp-json\/wp\/v2\/posts\/9534\/revisions"}],"predecessor-version":[{"id":9536,"href":"http:\/\/sintema.org.br\/sintema\/wp-json\/wp\/v2\/posts\/9534\/revisions\/9536"}],"wp:attachment":[{"href":"http:\/\/sintema.org.br\/sintema\/wp-json\/wp\/v2\/media?parent=9534"}],"wp:term":[{"taxonomy":"category","embeddable":true,"href":"http:\/\/sintema.org.br\/sintema\/wp-json\/wp\/v2\/categories?post=9534"},{"taxonomy":"post_tag","embeddable":true,"href":"http:\/\/sintema.org.br\/sintema\/wp-json\/wp\/v2\/tags?post=9534"}],"curies":[{"name":"wp","href":"https:\/\/api.w.org\/{rel}","templated":true}]}}