{"id":9537,"date":"2018-02-08T12:13:32","date_gmt":"2018-02-08T12:13:32","guid":{"rendered":"http:\/\/sintema.org.br\/sintema\/?p=9537"},"modified":"2018-02-08T12:13:32","modified_gmt":"2018-02-08T12:13:32","slug":"governo-exclui-regra-de-transicao-da-reforma-da-previdencia-para-servidores-publicos","status":"publish","type":"post","link":"http:\/\/sintema.org.br\/sintema\/governo-exclui-regra-de-transicao-da-reforma-da-previdencia-para-servidores-publicos\/","title":{"rendered":"Governo exclui regra de transi\u00e7\u00e3o da reforma da Previd\u00eancia para servidores p\u00fablicos"},"content":{"rendered":"<p dir=\"ltr\">Para aprovar a mat\u00e9ria, o governo federal cedeu concess\u00f5es a policiais rodovi\u00e1rios federais, policiais federais e policiais civis, para angariar votos da bancada da bala.<\/p>\n<p><a href=\"http:\/\/sintema.org.br\/sintema\/wp-content\/uploads\/2018\/02\/Nenhum-web.jpg\"><img loading=\"lazy\" class=\"alignnone size-medium wp-image-9538\" src=\"http:\/\/sintema.org.br\/sintema\/wp-content\/uploads\/2018\/02\/Nenhum-web-300x200.jpg\" alt=\"\" height=\"200\" width=\"300\"><\/a><\/p>\n<p dir=\"ltr\">A Emenda Aglutinativa \u00e0 proposta de Reforma da Previd\u00eancia, foi apresentada nesta quarta-feira 07. As mudan\u00e7as nas regras de transi\u00e7\u00e3o para servidores p\u00fablicos foram exclu\u00eddas do texto. O texto re\u00fane a proposta com o substitutivo adotado pela Comiss\u00e3o Especial e com as emendas apresentadas.<\/p>\n<p>&nbsp;<\/p>\n<p dir=\"ltr\">De acordo com o relator, Arthur Maia (PPS\/BA), a medida n\u00e3o facilitaria a aprova\u00e7\u00e3o da reforma. A proposta previa mudan\u00e7as no benef\u00edcio de servidores p\u00fablicos com direito a integralidade e paridade, sem exig\u00eancia de idade m\u00ednima que ingressaram antes de 2003.<\/p>\n<p>&nbsp;<\/p>\n<p dir=\"ltr\">Para aprovar a mat\u00e9ria, o governo federal cedeu concess\u00f5es a policiais rodovi\u00e1rios federais, policiais federais e policiais civis, para angariar votos da bancada da bala.<\/p>\n<p>&nbsp;<\/p>\n<p dir=\"ltr\">Uma das mudan\u00e7as beneficia vi\u00favo ou vi\u00fava de policial morto em a\u00e7\u00e3o, que passa a receber pens\u00e3o integral e n\u00e3o mais percentual do sal\u00e1rio, como na vers\u00e3o anterior. Policiais militares est\u00e3o fora da reforma da Previd\u00eancia.<\/p>\n<p>&nbsp;<\/p>\n<p dir=\"ltr\">O novo texto se resume a 4 pontos-chave: 1) a retirada de qualquer men\u00e7\u00e3o a trabalhadores rurais, 2) a garantia da manuten\u00e7\u00e3o do benef\u00edcio de presta\u00e7\u00e3o continuada, o chamado BPC, 3) a redu\u00e7\u00e3o do tempo m\u00ednimo de contribui\u00e7\u00e3o de 25 para 15 anos e 4) a inclus\u00e3o do novo artigo que beneficia vi\u00favas de policiais.<\/p>\n<p>&nbsp;<\/p>\n<p dir=\"ltr\">Com informa\u00e7\u00f5es: DIAP<\/p>\n<p>&nbsp;<\/p>\n<p dir=\"ltr\">Assessoria de Comunica\u00e7\u00e3o FASUBRA Sindical<\/p>\n","protected":false},"excerpt":{"rendered":"<p>Para aprovar a mat\u00e9ria, o governo federal cedeu concess\u00f5es a policiais rodovi\u00e1rios federais, policiais federais e policiais civis, para angariar votos da bancada da bala. A Emenda Aglutinativa \u00e0 proposta de Reforma da Previd\u00eancia, foi apresentada nesta quarta-feira 07. As mudan\u00e7as nas regras de transi\u00e7\u00e3o para servidores p\u00fablicos foram exclu\u00eddas do texto. O texto re\u00fane [&hellip;]<\/p>\n","protected":false},"author":2,"featured_media":0,"comment_status":"open","ping_status":"open","sticky":false,"template":"","format":"standard","meta":[],"categories":[5,18],"tags":[],"_links":{"self":[{"href":"http:\/\/sintema.org.br\/sintema\/wp-json\/wp\/v2\/posts\/9537"}],"collection":[{"href":"http:\/\/sintema.org.br\/sintema\/wp-json\/wp\/v2\/posts"}],"about":[{"href":"http:\/\/sintema.org.br\/sintema\/wp-json\/wp\/v2\/types\/post"}],"author":[{"embeddable":true,"href":"http:\/\/sintema.org.br\/sintema\/wp-json\/wp\/v2\/users\/2"}],"replies":[{"embeddable":true,"href":"http:\/\/sintema.org.br\/sintema\/wp-json\/wp\/v2\/comments?post=9537"}],"version-history":[{"count":1,"href":"http:\/\/sintema.org.br\/sintema\/wp-json\/wp\/v2\/posts\/9537\/revisions"}],"predecessor-version":[{"id":9539,"href":"http:\/\/sintema.org.br\/sintema\/wp-json\/wp\/v2\/posts\/9537\/revisions\/9539"}],"wp:attachment":[{"href":"http:\/\/sintema.org.br\/sintema\/wp-json\/wp\/v2\/media?parent=9537"}],"wp:term":[{"taxonomy":"category","embeddable":true,"href":"http:\/\/sintema.org.br\/sintema\/wp-json\/wp\/v2\/categories?post=9537"},{"taxonomy":"post_tag","embeddable":true,"href":"http:\/\/sintema.org.br\/sintema\/wp-json\/wp\/v2\/tags?post=9537"}],"curies":[{"name":"wp","href":"https:\/\/api.w.org\/{rel}","templated":true}]}}