{"id":9540,"date":"2018-02-15T12:10:09","date_gmt":"2018-02-15T12:10:09","guid":{"rendered":"http:\/\/sintema.org.br\/sintema\/?p=9540"},"modified":"2018-02-15T12:16:57","modified_gmt":"2018-02-15T12:16:57","slug":"confira-os-principais-pontos-da-proposta-de-reforma-da-previdencia-que-estara-na-pauta-da-camara-a-partir-do-dia-19-de-fevereiro","status":"publish","type":"post","link":"http:\/\/sintema.org.br\/sintema\/confira-os-principais-pontos-da-proposta-de-reforma-da-previdencia-que-estara-na-pauta-da-camara-a-partir-do-dia-19-de-fevereiro\/","title":{"rendered":"Confira os principais pontos da proposta de reforma da Previd\u00eancia que estar\u00e1 na pauta da C\u00e2mara a partir do dia 19 de fevereiro"},"content":{"rendered":"<p><i>A FASUBRA orienta a participa\u00e7\u00e3o das entidades de base a realizarem, onde for poss\u00edvel, paralisa\u00e7\u00e3o com atos nas ruas e aeroportos, pressionando os deputados para votar contra a reforma.<\/i><\/p>\n[caption id=\"attachment_9551\" align=\"alignnone\" width=\"300\"]<a href=\"http:\/\/sintema.org.br\/sintema\/wp-content\/uploads\/2018\/02\/Todos-em-defesa-da-previdncia-web.jpg\"><img loading=\"lazy\" class=\"size-medium wp-image-9551\" src=\"http:\/\/sintema.org.br\/sintema\/wp-content\/uploads\/2018\/02\/Todos-em-defesa-da-previdncia-web-300x300.jpg\" alt=\"\" height=\"300\" width=\"300\"><\/a> Todos em defesa da previd\u00eancia[\/caption]\n<p>&nbsp;<\/p>\n<p>As discuss\u00f5es sobre o projeto de reforma da Previd\u00eancia (PEC 287\/16) ap\u00f3s o an\u00fancio do governo da Emenda Aglutinativa come\u00e7am no dia 19 de fevereiro. Tamb\u00e9m no dia 19, centrais sindicais e movimentos populares organizam uma paralisa\u00e7\u00e3o em todo o pa\u00eds.<\/p>\n<p>&nbsp;<\/p>\n<p>&nbsp;<\/p>\n<p>A FASUBRA orienta a participa\u00e7\u00e3o das entidades de base, onde for poss\u00edvel, na paralisa\u00e7\u00e3o no dia 19 de fevereiro com atos nas ruas e aeroportos e paralisa\u00e7\u00e3o no dia 20 de fevereiro conforme delibera\u00e7\u00e3o do F\u00f3rum Nacional das Entidades do Servi\u00e7o P\u00fablico Federal (Fonasefe). O objetivo \u00e9 pressionar os deputados para votar contra a reforma, mantendo a agenda de atividades no decorrer da semana.<\/p>\n<p>&nbsp;<\/p>\n<p>&nbsp;<\/p>\n<p>A previs\u00e3o \u00e9 de que a vota\u00e7\u00e3o seja conclu\u00edda at\u00e9 28 de fevereiro. Confira os principais pontos da proposta de reforma da Previd\u00eancia que estar\u00e1 na pauta de vota\u00e7\u00e3o do plen\u00e1rio C\u00e2mara dos Deputados no dia 20 de fevereiro.<\/p>\n<p>&nbsp;<\/p>\n<p><a href=\"http:\/\/sintema.org.br\/sintema\/wp-content\/uploads\/2018\/02\/1.jpg\"><img loading=\"lazy\" class=\"alignnone wp-image-9541\" src=\"http:\/\/sintema.org.br\/sintema\/wp-content\/uploads\/2018\/02\/1-300x137.jpg\" alt=\"\" height=\"220\" width=\"482\" srcset=\"http:\/\/sintema.org.br\/sintema\/wp-content\/uploads\/2018\/02\/1-300x137.jpg 300w, http:\/\/sintema.org.br\/sintema\/wp-content\/uploads\/2018\/02\/1.jpg 640w\" sizes=\"(max-width: 482px) 100vw, 482px\" \/><\/a><\/p>\n<p><a href=\"http:\/\/sintema.org.br\/sintema\/wp-content\/uploads\/2018\/02\/2.jpg\"><img loading=\"lazy\" class=\"alignnone wp-image-9542\" src=\"http:\/\/sintema.org.br\/sintema\/wp-content\/uploads\/2018\/02\/2-300x176.jpg\" alt=\"\" height=\"282\" width=\"481\" srcset=\"http:\/\/sintema.org.br\/sintema\/wp-content\/uploads\/2018\/02\/2-300x176.jpg 300w, http:\/\/sintema.org.br\/sintema\/wp-content\/uploads\/2018\/02\/2.jpg 640w\" sizes=\"(max-width: 481px) 100vw, 481px\" \/><\/a>&nbsp;&nbsp;<\/p>\n<p><a href=\"http:\/\/sintema.org.br\/sintema\/wp-content\/uploads\/2018\/02\/3.jpg\"><img loading=\"lazy\" class=\"alignnone wp-image-9543\" src=\"http:\/\/sintema.org.br\/sintema\/wp-content\/uploads\/2018\/02\/3-300x242.jpg\" alt=\"\" height=\"378\" width=\"469\" srcset=\"http:\/\/sintema.org.br\/sintema\/wp-content\/uploads\/2018\/02\/3-300x242.jpg 300w, http:\/\/sintema.org.br\/sintema\/wp-content\/uploads\/2018\/02\/3.jpg 596w\" sizes=\"(max-width: 469px) 100vw, 469px\" \/><\/a><\/p>\n<p><a href=\"http:\/\/sintema.org.br\/sintema\/wp-content\/uploads\/2018\/02\/4.jpg\"><img loading=\"lazy\" class=\"alignnone wp-image-9544\" src=\"http:\/\/sintema.org.br\/sintema\/wp-content\/uploads\/2018\/02\/4-300x157.jpg\" alt=\"\" height=\"240\" width=\"459\" srcset=\"http:\/\/sintema.org.br\/sintema\/wp-content\/uploads\/2018\/02\/4-300x157.jpg 300w, http:\/\/sintema.org.br\/sintema\/wp-content\/uploads\/2018\/02\/4.jpg 640w\" sizes=\"(max-width: 459px) 100vw, 459px\" \/><\/a><\/p>\n<p><a href=\"http:\/\/sintema.org.br\/sintema\/wp-content\/uploads\/2018\/02\/5.jpg\"><img loading=\"lazy\" class=\"alignnone wp-image-9545\" src=\"http:\/\/sintema.org.br\/sintema\/wp-content\/uploads\/2018\/02\/5-300x155.jpg\" alt=\"\" height=\"243\" width=\"471\" srcset=\"http:\/\/sintema.org.br\/sintema\/wp-content\/uploads\/2018\/02\/5-300x155.jpg 300w, http:\/\/sintema.org.br\/sintema\/wp-content\/uploads\/2018\/02\/5.jpg 640w\" sizes=\"(max-width: 471px) 100vw, 471px\" \/><\/a><\/p>\n<p><a href=\"http:\/\/sintema.org.br\/sintema\/wp-content\/uploads\/2018\/02\/6.jpg\"><img loading=\"lazy\" class=\"alignnone wp-image-9546\" src=\"http:\/\/sintema.org.br\/sintema\/wp-content\/uploads\/2018\/02\/6-300x169.jpg\" alt=\"\" height=\"266\" width=\"472\" srcset=\"http:\/\/sintema.org.br\/sintema\/wp-content\/uploads\/2018\/02\/6-300x169.jpg 300w, http:\/\/sintema.org.br\/sintema\/wp-content\/uploads\/2018\/02\/6.jpg 640w\" sizes=\"(max-width: 472px) 100vw, 472px\" \/><\/a><\/p>\n<p><a href=\"http:\/\/sintema.org.br\/sintema\/wp-content\/uploads\/2018\/02\/7.jpg\"><img loading=\"lazy\" class=\"alignnone wp-image-9547\" src=\"http:\/\/sintema.org.br\/sintema\/wp-content\/uploads\/2018\/02\/7-300x177.jpg\" alt=\"\" height=\"273\" width=\"463\"><\/a><\/p>\n<p><a href=\"http:\/\/sintema.org.br\/sintema\/wp-content\/uploads\/2018\/02\/8.jpg\"><img loading=\"lazy\" class=\"alignnone wp-image-9548\" src=\"http:\/\/sintema.org.br\/sintema\/wp-content\/uploads\/2018\/02\/8-300x206.jpg\" alt=\"\" height=\"286\" width=\"417\" srcset=\"http:\/\/sintema.org.br\/sintema\/wp-content\/uploads\/2018\/02\/8-300x206.jpg 300w, http:\/\/sintema.org.br\/sintema\/wp-content\/uploads\/2018\/02\/8.jpg 640w\" sizes=\"(max-width: 417px) 100vw, 417px\" \/><\/a><\/p>\n<p><a href=\"http:\/\/sintema.org.br\/sintema\/wp-content\/uploads\/2018\/02\/9.jpg\"><img loading=\"lazy\" class=\"alignnone wp-image-9549\" src=\"http:\/\/sintema.org.br\/sintema\/wp-content\/uploads\/2018\/02\/9-300x205.jpg\" alt=\"\" height=\"288\" width=\"421\" srcset=\"http:\/\/sintema.org.br\/sintema\/wp-content\/uploads\/2018\/02\/9-300x205.jpg 300w, http:\/\/sintema.org.br\/sintema\/wp-content\/uploads\/2018\/02\/9.jpg 640w\" sizes=\"(max-width: 421px) 100vw, 421px\" \/><\/a><\/p>\n<p><a href=\"http:\/\/sintema.org.br\/sintema\/wp-content\/uploads\/2018\/02\/10.jpg\"><img loading=\"lazy\" class=\"alignnone wp-image-9550\" src=\"http:\/\/sintema.org.br\/sintema\/wp-content\/uploads\/2018\/02\/10-300x231.jpg\" alt=\"\" height=\"304\" width=\"395\" srcset=\"http:\/\/sintema.org.br\/sintema\/wp-content\/uploads\/2018\/02\/10-300x231.jpg 300w, http:\/\/sintema.org.br\/sintema\/wp-content\/uploads\/2018\/02\/10.jpg 623w\" sizes=\"(max-width: 395px) 100vw, 395px\" \/><\/a><\/p>\n<p>&nbsp;&nbsp;<\/p>\n<p><b>Assessoria de Comunica\u00e7\u00e3o FASUBRA Sindical<\/b><\/p>\n","protected":false},"excerpt":{"rendered":"<p>A FASUBRA orienta a participa\u00e7\u00e3o das entidades de base a realizarem, onde for poss\u00edvel, paralisa\u00e7\u00e3o com atos nas ruas e aeroportos, pressionando os deputados para votar contra a reforma. &nbsp; As discuss\u00f5es sobre o projeto de reforma da Previd\u00eancia (PEC 287\/16) ap\u00f3s o an\u00fancio do governo da Emenda Aglutinativa come\u00e7am no dia 19 de fevereiro. [&hellip;]<\/p>\n","protected":false},"author":2,"featured_media":0,"comment_status":"open","ping_status":"open","sticky":false,"template":"","format":"standard","meta":[],"categories":[5,18],"tags":[],"_links":{"self":[{"href":"http:\/\/sintema.org.br\/sintema\/wp-json\/wp\/v2\/posts\/9540"}],"collection":[{"href":"http:\/\/sintema.org.br\/sintema\/wp-json\/wp\/v2\/posts"}],"about":[{"href":"http:\/\/sintema.org.br\/sintema\/wp-json\/wp\/v2\/types\/post"}],"author":[{"embeddable":true,"href":"http:\/\/sintema.org.br\/sintema\/wp-json\/wp\/v2\/users\/2"}],"replies":[{"embeddable":true,"href":"http:\/\/sintema.org.br\/sintema\/wp-json\/wp\/v2\/comments?post=9540"}],"version-history":[{"count":2,"href":"http:\/\/sintema.org.br\/sintema\/wp-json\/wp\/v2\/posts\/9540\/revisions"}],"predecessor-version":[{"id":9553,"href":"http:\/\/sintema.org.br\/sintema\/wp-json\/wp\/v2\/posts\/9540\/revisions\/9553"}],"wp:attachment":[{"href":"http:\/\/sintema.org.br\/sintema\/wp-json\/wp\/v2\/media?parent=9540"}],"wp:term":[{"taxonomy":"category","embeddable":true,"href":"http:\/\/sintema.org.br\/sintema\/wp-json\/wp\/v2\/categories?post=9540"},{"taxonomy":"post_tag","embeddable":true,"href":"http:\/\/sintema.org.br\/sintema\/wp-json\/wp\/v2\/tags?post=9540"}],"curies":[{"name":"wp","href":"https:\/\/api.w.org\/{rel}","templated":true}]}}