{"id":9558,"date":"2018-02-19T12:51:05","date_gmt":"2018-02-19T12:51:05","guid":{"rendered":"http:\/\/sintema.org.br\/sintema\/?p=9558"},"modified":"2018-02-19T12:51:05","modified_gmt":"2018-02-19T12:51:05","slug":"obituario-joao-mendes-franca","status":"publish","type":"post","link":"http:\/\/sintema.org.br\/sintema\/obituario-joao-mendes-franca\/","title":{"rendered":"Obitu\u00e1rio &#8211; Jo\u00e3o Mendes Fran\u00e7a"},"content":{"rendered":"<p>\u00c9 com imenso pesar, que a diretoria do Sintema comunica a toda categoria o falecimento do associado \u2013 Jo\u00e3o Mendes Fran\u00e7a \u2013 ocorrido no \u00faltimo dia 15. Jo\u00e3o era vigilante aposentado da universidade.<\/p>\n<p>O corpo foi&nbsp; enterrado na sexta-feira, 16.<\/p>\n<p>Toda a Dire\u00e7\u00e3o do Sindicato lamenta e se solidariza com a fam\u00edlia, enlutada neste momento de dor.<\/p>\n<p><em>Imprensa Sintema.<\/em><\/p>\n","protected":false},"excerpt":{"rendered":"<p>\u00c9 com imenso pesar, que a diretoria do Sintema comunica a toda categoria o falecimento do associado \u2013 Jo\u00e3o Mendes Fran\u00e7a \u2013 ocorrido no \u00faltimo dia 15. Jo\u00e3o era vigilante aposentado da universidade. O corpo foi&nbsp; enterrado na sexta-feira, 16. Toda a Dire\u00e7\u00e3o do Sindicato lamenta e se solidariza com a fam\u00edlia, enlutada neste momento [&hellip;]<\/p>\n","protected":false},"author":2,"featured_media":0,"comment_status":"open","ping_status":"open","sticky":false,"template":"","format":"standard","meta":[],"categories":[5,8],"tags":[],"_links":{"self":[{"href":"http:\/\/sintema.org.br\/sintema\/wp-json\/wp\/v2\/posts\/9558"}],"collection":[{"href":"http:\/\/sintema.org.br\/sintema\/wp-json\/wp\/v2\/posts"}],"about":[{"href":"http:\/\/sintema.org.br\/sintema\/wp-json\/wp\/v2\/types\/post"}],"author":[{"embeddable":true,"href":"http:\/\/sintema.org.br\/sintema\/wp-json\/wp\/v2\/users\/2"}],"replies":[{"embeddable":true,"href":"http:\/\/sintema.org.br\/sintema\/wp-json\/wp\/v2\/comments?post=9558"}],"version-history":[{"count":1,"href":"http:\/\/sintema.org.br\/sintema\/wp-json\/wp\/v2\/posts\/9558\/revisions"}],"predecessor-version":[{"id":9559,"href":"http:\/\/sintema.org.br\/sintema\/wp-json\/wp\/v2\/posts\/9558\/revisions\/9559"}],"wp:attachment":[{"href":"http:\/\/sintema.org.br\/sintema\/wp-json\/wp\/v2\/media?parent=9558"}],"wp:term":[{"taxonomy":"category","embeddable":true,"href":"http:\/\/sintema.org.br\/sintema\/wp-json\/wp\/v2\/categories?post=9558"},{"taxonomy":"post_tag","embeddable":true,"href":"http:\/\/sintema.org.br\/sintema\/wp-json\/wp\/v2\/tags?post=9558"}],"curies":[{"name":"wp","href":"https:\/\/api.w.org\/{rel}","templated":true}]}}