{"id":9582,"date":"2018-02-27T13:37:16","date_gmt":"2018-02-27T13:37:16","guid":{"rendered":"http:\/\/sintema.org.br\/sintema\/?p=9582"},"modified":"2018-02-27T13:37:16","modified_gmt":"2018-02-27T13:37:16","slug":"spfs-intensificam-campanha-salarial-e-a-construcao-da-greve-unificada","status":"publish","type":"post","link":"http:\/\/sintema.org.br\/sintema\/spfs-intensificam-campanha-salarial-e-a-construcao-da-greve-unificada\/","title":{"rendered":"SPF\u00b4s intensificam campanha salarial e a constru\u00e7\u00e3o da greve unificada"},"content":{"rendered":"<p dir=\"ltr\">A manuten\u00e7\u00e3o da campanha de den\u00fancia dos parlamentares que votam contra os trabalhadores e os servi\u00e7os p\u00fablicos deve continuar nas entidades de base, orienta o f\u00f3rum.<\/p>\n<p><a href=\"http:\/\/sintema.org.br\/sintema\/wp-content\/uploads\/2018\/02\/Lanamento-da-campanha-salarial-2018-190218-96-web.jpg\"><img loading=\"lazy\" class=\"alignnone wp-image-9583 size-medium\" src=\"http:\/\/sintema.org.br\/sintema\/wp-content\/uploads\/2018\/02\/Lanamento-da-campanha-salarial-2018-190218-96-web-300x210.jpg\" alt=\"\" height=\"210\" width=\"300\"><\/a><\/p>\n<p dir=\"ltr\">Em reuni\u00e3o na tarde de quarta-feira, 22, os representantes do F\u00f3rum das Entidades Nacionais dos Servidores P\u00fablicos Federais (Fonasefe) e F\u00f3rum Nacional Permanente das Carreiras T\u00edpicas de Estado (Fonacate) avaliaram a retirada da reforma da Previd\u00eancia da pauta do congresso e indicaram novo calend\u00e1rio de lutas. O evento ocorreu na sede da Condsef em Bras\u00edlia-DF. Representou a Federa\u00e7\u00e3o o coordenador Edson Lima.<\/p>\n<p>&nbsp;<\/p>\n<p dir=\"ltr\">Para as entidades, a unidade do Fonasefe e Fonacate foi fundamental na constru\u00e7\u00e3o de toda a luta contra as medidas do governo. As atividades realizadas na semana do dia 19 de fevereiro em todo o pa\u00eds contribu\u00edram para enterrar a reforma da Previd\u00eancia por enquanto.<\/p>\n<p>&nbsp;<\/p>\n<p dir=\"ltr\">Neste momento, intensificar a Campanha Salarial rumo \u00e0 greve unificada do funcionalismo p\u00fablico federal \u00e9 um dos principais objetivos das entidades. A pauta de reivindica\u00e7\u00f5es protocolada nesta semana no Minist\u00e9rio do Planejamento, Desenvolvimento e Gest\u00e3o (MPDG), tamb\u00e9m ser\u00e1 levada \u00e0s presid\u00eancias da C\u00e2mara dos Deputados, Senado Federal, \u00e0 Casa Civil e \u00e0 Organiza\u00e7\u00e3o Internacional do Trabalho (OIT) no dia 02 de mar\u00e7o.<\/p>\n<p>&nbsp;<\/p>\n<p dir=\"ltr\">A manuten\u00e7\u00e3o da campanha de den\u00fancia dos parlamentares que votam contra os trabalhadores e os servi\u00e7os p\u00fablicos deve continuar nas entidades de base, orienta o f\u00f3rum.<\/p>\n<p>&nbsp;<\/p>\n<p dir=\"ltr\">Confira o calend\u00e1rio de lutas<\/p>\n<p>&nbsp;<\/p>\n<p dir=\"ltr\">01 de mar\u00e7o<\/p>\n<p dir=\"ltr\">Semin\u00e1rio sobre Plano de autogest\u00e3o em sa\u00fade<\/p>\n<p dir=\"ltr\">Hora: 09h<\/p>\n<p>&nbsp;<\/p>\n<p dir=\"ltr\">Reuni\u00e3o do Fonasefe e Fonacate na sede da Condsef<\/p>\n<p dir=\"ltr\">Hora: 14h<\/p>\n<p>&nbsp;<\/p>\n<p dir=\"ltr\">02 de mar\u00e7o &nbsp;<\/p>\n<p dir=\"ltr\">Manh\u00e3 &#8211; Reuni\u00e3o no Minist\u00e9rio do Planejamento, Desenvolvimento e Gest\u00e3o (MPDG)<\/p>\n<p dir=\"ltr\">Ser\u00e1 realizado um Ato P\u00fablico no Bloco C, \u201cPela abertura de negocia\u00e7\u00e3o da Campanha Salarial 2018.<\/p>\n<p dir=\"ltr\">A FASUBRA estar\u00e1 em Plen\u00e1ria Nacional em Bras\u00edlia-DF.<\/p>\n<p dir=\"ltr\">Tarde \u2013 Protocolar a pauta da Campanha Salarial nas presid\u00eancias da C\u00e2mara e do Senado, no STF, na Casa Civil e OIT<\/p>\n<p>&nbsp;<\/p>\n<p dir=\"ltr\">Atos p\u00fablicos nos estados \u201cEm Defesa dos Servi\u00e7os P\u00fablicos, Contras as Reformas que Retiram Direitos, as Privatiza\u00e7\u00f5es, pela revoga\u00e7\u00e3o da EC\/95\/16<\/p>\n<p>&nbsp;<\/p>\n<p dir=\"ltr\">08 &nbsp;de mar\u00e7o<\/p>\n<p dir=\"ltr\">Greve Internacional das Mulheres &nbsp;<\/p>\n<p>&nbsp;<\/p>\n<p dir=\"ltr\">13 a 17 de mar\u00e7o<\/p>\n<p dir=\"ltr\"><a href=\"https:\/\/wsf2018.org\/forum-social-mundial-2018-abre-inscricoes\/\">F\u00f3rum Social Mundial<\/a> em Salvador-BA<\/p>\n<p>&nbsp;<\/p>\n<p dir=\"ltr\">16 de mar\u00e7o<\/p>\n<p dir=\"ltr\">Ato p\u00fablico em \u201cDefesa dos Servi\u00e7os P\u00fablicos, contras as privatiza\u00e7\u00f5es e as reformas que retiram direitos e pela revoga\u00e7\u00e3o da EC 95\u201d. O evento ser\u00e1 no F\u00f3rum Social Mundial. &nbsp;<\/p>\n<p dir=\"ltr\">&nbsp;<\/p>\n<p dir=\"ltr\">Assessoria de Comunica\u00e7\u00e3o FASUBRA Sindical<\/p>\n<p>&nbsp;<\/p>\n","protected":false},"excerpt":{"rendered":"<p>A manuten\u00e7\u00e3o da campanha de den\u00fancia dos parlamentares que votam contra os trabalhadores e os servi\u00e7os p\u00fablicos deve continuar nas entidades de base, orienta o f\u00f3rum. Em reuni\u00e3o na tarde de quarta-feira, 22, os representantes do F\u00f3rum das Entidades Nacionais dos Servidores P\u00fablicos Federais (Fonasefe) e F\u00f3rum Nacional Permanente das Carreiras T\u00edpicas de Estado (Fonacate) [&hellip;]<\/p>\n","protected":false},"author":2,"featured_media":0,"comment_status":"open","ping_status":"open","sticky":false,"template":"","format":"standard","meta":[],"categories":[5,18],"tags":[],"_links":{"self":[{"href":"http:\/\/sintema.org.br\/sintema\/wp-json\/wp\/v2\/posts\/9582"}],"collection":[{"href":"http:\/\/sintema.org.br\/sintema\/wp-json\/wp\/v2\/posts"}],"about":[{"href":"http:\/\/sintema.org.br\/sintema\/wp-json\/wp\/v2\/types\/post"}],"author":[{"embeddable":true,"href":"http:\/\/sintema.org.br\/sintema\/wp-json\/wp\/v2\/users\/2"}],"replies":[{"embeddable":true,"href":"http:\/\/sintema.org.br\/sintema\/wp-json\/wp\/v2\/comments?post=9582"}],"version-history":[{"count":1,"href":"http:\/\/sintema.org.br\/sintema\/wp-json\/wp\/v2\/posts\/9582\/revisions"}],"predecessor-version":[{"id":9584,"href":"http:\/\/sintema.org.br\/sintema\/wp-json\/wp\/v2\/posts\/9582\/revisions\/9584"}],"wp:attachment":[{"href":"http:\/\/sintema.org.br\/sintema\/wp-json\/wp\/v2\/media?parent=9582"}],"wp:term":[{"taxonomy":"category","embeddable":true,"href":"http:\/\/sintema.org.br\/sintema\/wp-json\/wp\/v2\/categories?post=9582"},{"taxonomy":"post_tag","embeddable":true,"href":"http:\/\/sintema.org.br\/sintema\/wp-json\/wp\/v2\/tags?post=9582"}],"curies":[{"name":"wp","href":"https:\/\/api.w.org\/{rel}","templated":true}]}}