{"id":9585,"date":"2018-03-01T15:45:45","date_gmt":"2018-03-01T15:45:45","guid":{"rendered":"http:\/\/sintema.org.br\/sintema\/?p=9585"},"modified":"2018-03-01T15:45:45","modified_gmt":"2018-03-01T15:45:45","slug":"plenaria-nacional-sintema-envia-delegados-a-brasilia","status":"publish","type":"post","link":"http:\/\/sintema.org.br\/sintema\/plenaria-nacional-sintema-envia-delegados-a-brasilia\/","title":{"rendered":"PLEN\u00c1RIA NACIONAL | Sintema envia delegados \u00e0 Bras\u00edlia"},"content":{"rendered":"<p><a href=\"http:\/\/sintema.org.br\/sintema\/wp-content\/uploads\/2017\/10\/plenaria.jpg\"><img loading=\"lazy\" class=\"alignnone size-medium wp-image-9248\" src=\"http:\/\/sintema.org.br\/sintema\/wp-content\/uploads\/2017\/10\/plenaria-300x204.jpg\" alt=\"\" height=\"204\" width=\"300\"><\/a><\/p>\n<p>Os delegados Ademar Sena, Valmili Nina, Cl\u00e1udio Bezerra, S\u00f4nia Baldez e Sandra Gon\u00e7alves embarcam rumo \u00e0 Bras\u00edlia nesta quinta-feira, dia 1\u00ba, onde acontece nos dias 2, 3 e 4 de mar\u00e7o a Plen\u00e1ria Nacional da Fasubra, que discutir\u00e1 &#8211; entre outros &#8211; a conjuntura pol\u00edtica nacional e internacional; campanha salarial 2018 e as regras que regulamentar\u00e3o o Congresso da Fasubra (CONFASUBRA).<\/p>\n<p>Os trabalhadores foram eleitos pela categoria em assembleia realizada no \u00faltimo dia 22. O Sintema providenciou toda a estrutura de passagens e di\u00e1rias para que haja a plena participa\u00e7\u00e3o dos representantes dos trabalhadores em educa\u00e7\u00e3o da UFMA no evento. No retorno, os delegados apresentar\u00e3o relat\u00f3rios verbais em assembleia geral.<\/p>\n<p><strong>DEFESA EM PLEN\u00c1RIA \u2013<\/strong> Durante a assembleia geral do dia 22 de fevereiro, os trabalhadores debateram quest\u00f5es suscitadas pela associada S\u00f4nia Baldez, sobre o posicionamento que os delegados representantes da base do Sintema deveriam ter durante esta Plen\u00e1ria da Fasubra, em rela\u00e7\u00e3o \u00e0 constru\u00e7\u00e3o do pr\u00f3ximo Congresso da Fasubra, uma das pautas a serem debatidas durante a plen\u00e1ria.<\/p>\n<p>Por unanimidade, os trabalhadores aprovaram a proposta apresentada pelo conselheiro fiscal do sindicato, Cl\u00e1udio Bezerra, de defender que a FASUBRA n\u00e3o interfira nas decis\u00f5es dos sindicatos filiados, no que diz respeito \u00e0 composi\u00e7\u00e3o das bases sindicais das entidades.<\/p>\n<p>&nbsp;<\/p>\n<p>Imprensa Sintema.<\/p>\n","protected":false},"excerpt":{"rendered":"<p>Os delegados Ademar Sena, Valmili Nina, Cl\u00e1udio Bezerra, S\u00f4nia Baldez e Sandra Gon\u00e7alves embarcam rumo \u00e0 Bras\u00edlia nesta quinta-feira, dia 1\u00ba, onde acontece nos dias 2, 3 e 4 de mar\u00e7o a Plen\u00e1ria Nacional da Fasubra, que discutir\u00e1 &#8211; entre outros &#8211; a conjuntura pol\u00edtica nacional e internacional; campanha salarial 2018 e as regras que [&hellip;]<\/p>\n","protected":false},"author":2,"featured_media":0,"comment_status":"open","ping_status":"open","sticky":false,"template":"","format":"standard","meta":[],"categories":[5,18],"tags":[],"_links":{"self":[{"href":"http:\/\/sintema.org.br\/sintema\/wp-json\/wp\/v2\/posts\/9585"}],"collection":[{"href":"http:\/\/sintema.org.br\/sintema\/wp-json\/wp\/v2\/posts"}],"about":[{"href":"http:\/\/sintema.org.br\/sintema\/wp-json\/wp\/v2\/types\/post"}],"author":[{"embeddable":true,"href":"http:\/\/sintema.org.br\/sintema\/wp-json\/wp\/v2\/users\/2"}],"replies":[{"embeddable":true,"href":"http:\/\/sintema.org.br\/sintema\/wp-json\/wp\/v2\/comments?post=9585"}],"version-history":[{"count":1,"href":"http:\/\/sintema.org.br\/sintema\/wp-json\/wp\/v2\/posts\/9585\/revisions"}],"predecessor-version":[{"id":9586,"href":"http:\/\/sintema.org.br\/sintema\/wp-json\/wp\/v2\/posts\/9585\/revisions\/9586"}],"wp:attachment":[{"href":"http:\/\/sintema.org.br\/sintema\/wp-json\/wp\/v2\/media?parent=9585"}],"wp:term":[{"taxonomy":"category","embeddable":true,"href":"http:\/\/sintema.org.br\/sintema\/wp-json\/wp\/v2\/categories?post=9585"},{"taxonomy":"post_tag","embeddable":true,"href":"http:\/\/sintema.org.br\/sintema\/wp-json\/wp\/v2\/tags?post=9585"}],"curies":[{"name":"wp","href":"https:\/\/api.w.org\/{rel}","templated":true}]}}