{"id":9588,"date":"2018-03-01T16:48:41","date_gmt":"2018-03-01T16:48:41","guid":{"rendered":"http:\/\/sintema.org.br\/sintema\/?p=9588"},"modified":"2018-03-01T16:13:58","modified_gmt":"2018-03-01T16:13:58","slug":"governo-confirma-reuniao-com-a-fasubra-na-quarta-feira","status":"publish","type":"post","link":"http:\/\/sintema.org.br\/sintema\/governo-confirma-reuniao-com-a-fasubra-na-quarta-feira\/","title":{"rendered":"Governo confirma reuni\u00e3o com a FASUBRA na quarta-feira"},"content":{"rendered":"<p>&nbsp;<\/p>\n<p><a href=\"http:\/\/sintema.org.br\/sintema\/wp-content\/uploads\/2018\/03\/FASUBRA-informa-web.jpg\"><img loading=\"lazy\" class=\"alignnone size-medium wp-image-9589\" src=\"http:\/\/sintema.org.br\/sintema\/wp-content\/uploads\/2018\/03\/FASUBRA-informa-web-300x211.jpg\" alt=\"\" height=\"211\" width=\"300\" srcset=\"http:\/\/sintema.org.br\/sintema\/wp-content\/uploads\/2018\/03\/FASUBRA-informa-web-300x211.jpg 300w, http:\/\/sintema.org.br\/sintema\/wp-content\/uploads\/2018\/03\/FASUBRA-informa-web.jpg 640w\" sizes=\"(max-width: 300px) 100vw, 300px\" \/><\/a><\/p>\n<p><i>O evento \u00e9 resultado do desdobramento do <\/i><a href=\"https:\/\/fasubra.org.br\/index.php\/fasubra\/1590-fasubra-se-reune-com-o-governo-para-tratar-a-pauta-de-reivindicacoes-dos-taes\"><i>\u00faltimo encontro<\/i><\/a><i> em janeiro, referente \u00e0 quebra do termo de acordo de 2015, \u00e0 Campanha Salarial e a extin\u00e7\u00e3o dos 60,9 mil cargos na administra\u00e7\u00e3o p\u00fablica, por meio de decreto. <\/i><\/p>\n<p>&nbsp;<\/p>\n<p>&nbsp;<\/p>\n<p>Governo confirma reuni\u00e3o na quarta-feira, 28, com a representa\u00e7\u00e3o da FASUBRA Sindical no Minist\u00e9rio do Planejamento, Desenvolvimento e Gest\u00e3o (MPDG), Bloco C, \u00e0s 14h30min, em Bras\u00edlia-DF. O evento \u00e9 resultado do desdobramento do <a href=\"https:\/\/fasubra.org.br\/index.php\/fasubra\/1590-fasubra-se-reune-com-o-governo-para-tratar-a-pauta-de-reivindicacoes-dos-taes\">\u00faltimo encontro<\/a> em janeiro, referente \u00e0 quebra do termo de acordo de 2015, \u00e0 Campanha Salarial e a extin\u00e7\u00e3o dos 60,9 mil cargos na administra\u00e7\u00e3o p\u00fablica, por meio de decreto.<\/p>\n<p>&nbsp;<\/p>\n<p>Nesta semana, a Dire\u00e7\u00e3o Nacional tamb\u00e9m est\u00e1 reunida na capital federal para discutir detalhes da Plen\u00e1ria Nacional que acontece de 02 a 04 de mar\u00e7o, no Audit\u00f3rio 3 da Faculdade de Ci\u00eancias da Sa\u00fade, da Universidade de Bras\u00edlia (UnB). &nbsp;<\/p>\n<p>&nbsp;<\/p>\n<p>Na Plen\u00e1ria ser\u00e3o apresentados os informes nacionais e de base, ser\u00e1 realizada a an\u00e1lise de conjuntura e apresentada a presta\u00e7\u00e3o de contas da entidade referente ao per\u00edodo de janeiro a dezembro de 2017. Tamb\u00e9m ser\u00e1 atualizado o regimento interno do Congresso da FASUBRA (XXIII CONFASUBRA) previsto para os dias 06, 07, 08, 09, 10 e 11 de maio, na cidade de Po\u00e7os de Caldas \u2013 MG.<\/p>\n<p>&nbsp;<\/p>\n<p>Na ocasi\u00e3o, ser\u00e1 realizada a Confer\u00eancia Livre para discutir o tema: \u201cEm defesa da educa\u00e7\u00e3o p\u00fablica, gratuita e de qualidade, socialmente referenciada\u201d.<\/p>\n<p>&nbsp;<\/p>\n<p><b>Assessoria de Comunica\u00e7\u00e3o FASUBRA Sindical <\/b><\/p>\n","protected":false},"excerpt":{"rendered":"<p>&nbsp; O evento \u00e9 resultado do desdobramento do \u00faltimo encontro em janeiro, referente \u00e0 quebra do termo de acordo de 2015, \u00e0 Campanha Salarial e a extin\u00e7\u00e3o dos 60,9 mil cargos na administra\u00e7\u00e3o p\u00fablica, por meio de decreto. &nbsp; &nbsp; Governo confirma reuni\u00e3o na quarta-feira, 28, com a representa\u00e7\u00e3o da FASUBRA Sindical no Minist\u00e9rio do [&hellip;]<\/p>\n","protected":false},"author":2,"featured_media":0,"comment_status":"open","ping_status":"open","sticky":false,"template":"","format":"standard","meta":[],"categories":[5,18],"tags":[],"_links":{"self":[{"href":"http:\/\/sintema.org.br\/sintema\/wp-json\/wp\/v2\/posts\/9588"}],"collection":[{"href":"http:\/\/sintema.org.br\/sintema\/wp-json\/wp\/v2\/posts"}],"about":[{"href":"http:\/\/sintema.org.br\/sintema\/wp-json\/wp\/v2\/types\/post"}],"author":[{"embeddable":true,"href":"http:\/\/sintema.org.br\/sintema\/wp-json\/wp\/v2\/users\/2"}],"replies":[{"embeddable":true,"href":"http:\/\/sintema.org.br\/sintema\/wp-json\/wp\/v2\/comments?post=9588"}],"version-history":[{"count":1,"href":"http:\/\/sintema.org.br\/sintema\/wp-json\/wp\/v2\/posts\/9588\/revisions"}],"predecessor-version":[{"id":9590,"href":"http:\/\/sintema.org.br\/sintema\/wp-json\/wp\/v2\/posts\/9588\/revisions\/9590"}],"wp:attachment":[{"href":"http:\/\/sintema.org.br\/sintema\/wp-json\/wp\/v2\/media?parent=9588"}],"wp:term":[{"taxonomy":"category","embeddable":true,"href":"http:\/\/sintema.org.br\/sintema\/wp-json\/wp\/v2\/categories?post=9588"},{"taxonomy":"post_tag","embeddable":true,"href":"http:\/\/sintema.org.br\/sintema\/wp-json\/wp\/v2\/tags?post=9588"}],"curies":[{"name":"wp","href":"https:\/\/api.w.org\/{rel}","templated":true}]}}