{"id":9591,"date":"2018-03-02T19:23:00","date_gmt":"2018-03-02T19:23:00","guid":{"rendered":"http:\/\/sintema.org.br\/sintema\/?p=9591"},"modified":"2018-03-02T19:23:00","modified_gmt":"2018-03-02T19:23:00","slug":"obituario-malaquias-bispo-barros","status":"publish","type":"post","link":"http:\/\/sintema.org.br\/sintema\/obituario-malaquias-bispo-barros\/","title":{"rendered":"Obitu\u00e1rio &#8211; Malaquias Bispo Barros"},"content":{"rendered":"<div class=\"entry-content\">\n<p><a href=\"http:\/\/sintema.org.br\/sintema\/wp-content\/uploads\/2014\/05\/falecimentoooo-300x186111.jpg\"><img loading=\"lazy\" class=\"alignnone size-full wp-image-4804\" src=\"http:\/\/sintema.org.br\/sintema\/wp-content\/uploads\/2014\/05\/falecimentoooo-300x186111.jpg\" alt=\"\" height=\"186\" width=\"300\"><\/a><\/p>\n<p>\u00c9 com imenso pesar, que a diretoria do Sintema comunica a toda categoria o falecimento do associado aposentado \u2013 Malaquias Bispo Barros \u2013 ocorrido no \u00faltimo dia 28.<\/p>\n<p>O corpo foi&nbsp; enterrado na quinta-feira, 1 de mar\u00e7o.<\/p>\n<p>Toda a Dire\u00e7\u00e3o do Sindicato lamenta e se solidariza com a fam\u00edlia, enlutada neste momento de dor.<\/p>\n<p><em>Imprensa Sintema.<\/em><\/p>\n<\/div>\n","protected":false},"excerpt":{"rendered":"<p>\u00c9 com imenso pesar, que a diretoria do Sintema comunica a toda categoria o falecimento do associado aposentado \u2013 Malaquias Bispo Barros \u2013 ocorrido no \u00faltimo dia 28. O corpo foi&nbsp; enterrado na quinta-feira, 1 de mar\u00e7o. Toda a Dire\u00e7\u00e3o do Sindicato lamenta e se solidariza com a fam\u00edlia, enlutada neste momento de dor. Imprensa [&hellip;]<\/p>\n","protected":false},"author":2,"featured_media":0,"comment_status":"open","ping_status":"open","sticky":false,"template":"","format":"standard","meta":[],"categories":[5,8],"tags":[],"_links":{"self":[{"href":"http:\/\/sintema.org.br\/sintema\/wp-json\/wp\/v2\/posts\/9591"}],"collection":[{"href":"http:\/\/sintema.org.br\/sintema\/wp-json\/wp\/v2\/posts"}],"about":[{"href":"http:\/\/sintema.org.br\/sintema\/wp-json\/wp\/v2\/types\/post"}],"author":[{"embeddable":true,"href":"http:\/\/sintema.org.br\/sintema\/wp-json\/wp\/v2\/users\/2"}],"replies":[{"embeddable":true,"href":"http:\/\/sintema.org.br\/sintema\/wp-json\/wp\/v2\/comments?post=9591"}],"version-history":[{"count":1,"href":"http:\/\/sintema.org.br\/sintema\/wp-json\/wp\/v2\/posts\/9591\/revisions"}],"predecessor-version":[{"id":9592,"href":"http:\/\/sintema.org.br\/sintema\/wp-json\/wp\/v2\/posts\/9591\/revisions\/9592"}],"wp:attachment":[{"href":"http:\/\/sintema.org.br\/sintema\/wp-json\/wp\/v2\/media?parent=9591"}],"wp:term":[{"taxonomy":"category","embeddable":true,"href":"http:\/\/sintema.org.br\/sintema\/wp-json\/wp\/v2\/categories?post=9591"},{"taxonomy":"post_tag","embeddable":true,"href":"http:\/\/sintema.org.br\/sintema\/wp-json\/wp\/v2\/tags?post=9591"}],"curies":[{"name":"wp","href":"https:\/\/api.w.org\/{rel}","templated":true}]}}