{"id":9593,"date":"2018-03-02T19:33:27","date_gmt":"2018-03-02T19:33:27","guid":{"rendered":"http:\/\/sintema.org.br\/sintema\/?p=9593"},"modified":"2018-03-02T19:33:27","modified_gmt":"2018-03-02T19:33:27","slug":"fasubra-solicita-abertura-de-negociacao-salarial-e-cumprimento-do-acordo-de-greve-em-reuniao-com-os-ministerios-do-planejamento-e-educacao","status":"publish","type":"post","link":"http:\/\/sintema.org.br\/sintema\/fasubra-solicita-abertura-de-negociacao-salarial-e-cumprimento-do-acordo-de-greve-em-reuniao-com-os-ministerios-do-planejamento-e-educacao\/","title":{"rendered":"FASUBRA solicita abertura de negocia\u00e7\u00e3o salarial e cumprimento do acordo de greve em reuni\u00e3o com os Minist\u00e9rios do Planejamento e Educa\u00e7\u00e3o"},"content":{"rendered":"<p dir=\"ltr\">Comunicado sobre absor\u00e7\u00e3o do VBC ser\u00e1 suspenso, de acordo com o Planejamento.<\/p>\n<p><a href=\"http:\/\/sintema.org.br\/sintema\/wp-content\/uploads\/2018\/03\/Reunio-MPDG-280218-12-web.jpg\"><img loading=\"lazy\" class=\"alignnone size-medium wp-image-9594\" src=\"http:\/\/sintema.org.br\/sintema\/wp-content\/uploads\/2018\/03\/Reunio-MPDG-280218-12-web-300x199.jpg\" alt=\"\" height=\"199\" width=\"300\" srcset=\"http:\/\/sintema.org.br\/sintema\/wp-content\/uploads\/2018\/03\/Reunio-MPDG-280218-12-web-300x199.jpg 300w, http:\/\/sintema.org.br\/sintema\/wp-content\/uploads\/2018\/03\/Reunio-MPDG-280218-12-web.jpg 640w\" sizes=\"(max-width: 300px) 100vw, 300px\" \/><\/a><\/p>\n<p dir=\"ltr\">Em reuni\u00e3o com a representa\u00e7\u00e3o da FASUBRA na tarde de quarta-feira, 28, o governo federal afirmou que o <a href=\"http:\/\/www.planalto.gov.br\/ccivil_03\/_ato2015-2018\/2018\/decreto\/D9262.htm\">decreto<\/a> que extingue 60,9 mil cargos na administra\u00e7\u00e3o p\u00fablica est\u00e1 sob revis\u00e3o de uma comiss\u00e3o t\u00e9cnica do Minist\u00e9rio do Planejamento, Desenvolvimento e Gest\u00e3o (MPDG). O evento aconteceu na sede do minist\u00e9rio no bloco C, na Esplanada dos Minist\u00e9rios em Bras\u00edlia &#8211; DF, com participa\u00e7\u00e3o do Minist\u00e9rio da Educa\u00e7\u00e3o (MEC).<\/p>\n<p>&nbsp;<\/p>\n<p dir=\"ltr\">De acordo com Paulo Campolino, diretor de Rela\u00e7\u00f5es de Trabalho do Planejamento, em paralelo \u00e0 edi\u00e7\u00e3o do documento tamb\u00e9m est\u00e1 sob an\u00e1lise o retorno das atividades da Comiss\u00e3o Nacional de Supervis\u00e3o da Carreira (CNSC). Por\u00e9m, o diretor n\u00e3o garantiu que o decreto ser\u00e1 discutido pela CNSC. Segundo Campolino, o resultado da comiss\u00e3o que analisa o decreto pode sair na pr\u00f3xima semana. \u201c<\/p>\n<p>&nbsp;<\/p>\n<p><img loading=\"lazy\" src=\"http:\/\/fasubra.org.br\/images\/2018\/Fevereiro\/Reunio%20MPDG%20280218%203%20web.jpg\" alt=\"\" height=\"344\" width=\"520\"><\/p>\n<p>&nbsp;<\/p>\n<p dir=\"ltr\">A FASUBRA questionou a posi\u00e7\u00e3o do governo, \u201cesperamos uma sa\u00edda positiva, com espa\u00e7o para discutir o assunto, de prefer\u00eancia na CNSC, &nbsp;devido \u00e0s consequ\u00eancias ruins para a universidade e o t\u00e9cnico, desde a presta\u00e7\u00e3o de servi\u00e7o e o direito dos trabalhadores t\u00e9cnico-administrativos em educa\u00e7\u00e3o\u201d.<\/p>\n<p>&nbsp;<\/p>\n<p dir=\"ltr\">No <a href=\"https:\/\/www.fasubra.org.br\/index.php\/fasubra\/856-termo-de-acordo-2015-oficial\">Termo de Acordo 2015<\/a>, na cl\u00e1usula s\u00e9tima, par\u00e1grafo \u00fanico, um dos pontos que constam para discuss\u00e3o promovida pelo MPDG e MEC envolve a racionaliza\u00e7\u00e3o de cargos, atualiza\u00e7\u00e3o das atribui\u00e7\u00f5es de cargos, atualiza\u00e7\u00e3o dos requisitos de ingresso. \u201cO decreto se antecipa de forma unilateral sem estabelecer um di\u00e1logo\u201d, apontou a Federa\u00e7\u00e3o.<\/p>\n<p>&nbsp;<\/p>\n<p dir=\"ltr\">Na ocasi\u00e3o, a representante do Minist\u00e9rio da Educa\u00e7\u00e3o solicitou que a FASUBRA fa\u00e7a um documento baseado em estudos da Federa\u00e7\u00e3o sobre a carreira, reivindicando o retorno dos cargos necess\u00e1rios. Para a FASUBRA o documento n\u00e3o substitui o di\u00e1logo com a Categoria.<\/p>\n<p>&nbsp;<\/p>\n<p dir=\"ltr\">O Planejamento se esquivou sobre a quest\u00e3o do n\u00e3o cumprimento do acordo de 2015, alegando mudan\u00e7a de governo. A FASUBRA rebateu a argumenta\u00e7\u00e3o e &nbsp;destacou que n\u00e3o foram cumpridas mais da metade das cl\u00e1usulas do acordo. \u201cSomos a parte fragilizada do processo, quando assinamos o acordo, assinamos com o Estado Brasileiro independente de governo A ou B, e o Estado Brasileiro tem que dar continuidade. N\u00f3s n\u00e3o vamos esquecer o acordo\u201d.<\/p>\n<p>&nbsp;<\/p>\n<p dir=\"ltr\">VBC<\/p>\n<p>&nbsp;<\/p>\n<p dir=\"ltr\">A &nbsp;Federa\u00e7\u00e3o questionou o <a href=\"https:\/\/www.fasubra.org.br\/index.php\/fasubra\/1592-fasubra-questiona-o-ministerio-da-planejamento-sobre-extincao-de-cargos-negociacao-salarial-e-reestruturacao-da-carreira\">comunicado<\/a> da Secretaria de Gest\u00e3o do Pessoas do Planejamento aos dirigentes de recursos humanos das institui\u00e7\u00f5es de ensino superior p\u00fablicas, que orienta a absor\u00e7\u00e3o do Vencimento B\u00e1sico Complementar (VBC), disposto no artigo 15 da &nbsp;Lei 11091\/15. \u201cGestores t\u00eam entendido que o VBC deve ser absorvido tamb\u00e9m com progress\u00f5es, quando a lei diz que apenas no caso de reorganiza\u00e7\u00e3o ou reestrutura\u00e7\u00e3o da carreira e ou tabela remunerat\u00f3ria\u201d, afirmou a representa\u00e7\u00e3o da FASUBRA. A &nbsp;medida afeta diretamente o rendimento de parte dos trabalhadores t\u00e9cnico-administrativos em educa\u00e7\u00e3o.<\/p>\n<p>&nbsp;<\/p>\n<p><img loading=\"lazy\" src=\"http:\/\/fasubra.org.br\/images\/2018\/Fevereiro\/Reunio%20MPDG%20280218%2010%20web.jpg\" alt=\"\" height=\"379\" width=\"572\"><\/p>\n<p>&nbsp;<\/p>\n<p dir=\"ltr\">De acordo com o Planejamento, ap\u00f3s consulta em car\u00e1ter de urg\u00eancia, a assessoria jur\u00eddica informou por telefone que o comunicado ser\u00e1 suspenso e restabelecida a din\u00e2mica de acordo com a lei. \u201cHouve um equ\u00edvoco de fato, e espero n\u00e3o ser surpreendido por mudan\u00e7as\u201d.<\/p>\n<p>&nbsp;<\/p>\n<p dir=\"ltr\">Na \u00faltima reuni\u00e3o, a FASUBRA prop\u00f4s a suspens\u00e3o do comunica e argumentou que a medida n\u00e3o pode incidir sobre benef\u00edcios da Carreira, como o incentivo \u00e0 qualifica\u00e7\u00e3o e capacita\u00e7\u00e3o.<\/p>\n<p dir=\"ltr\">&nbsp;<\/p>\n<p dir=\"ltr\">Ebserh<\/p>\n<p dir=\"ltr\">A &nbsp;FASUBRA solicitou resposta referente \u00e0 participa\u00e7\u00e3o na Mesa Nacional de Negocia\u00e7\u00e3o Permanente (MNNP) da Empresa Brasileira de Servi\u00e7os Hospitalares (Ebserh) e a exclus\u00e3o de &nbsp;forma unilateral &nbsp;da entidade no processo negocial.<\/p>\n<p>&nbsp;<\/p>\n<p dir=\"ltr\">Campolino alegou que a compet\u00eancia para arbitrar a situa\u00e7\u00e3o \u00e9 do Minist\u00e9rio da Educa\u00e7\u00e3o. Segundo diretor de Rela\u00e7\u00f5es de Trabalho do Planejamento, foi solicitada uma reuni\u00e3o com a dire\u00e7\u00e3o da Ebserh, o que n\u00e3o ocorreu.<\/p>\n<p>&nbsp;<\/p>\n<p><img loading=\"lazy\" src=\"http:\/\/fasubra.org.br\/images\/2018\/Fevereiro\/Reunio%20MPDG%20280218%2016%20web.jpg\" alt=\"\" height=\"400\" width=\"604\"><\/p>\n<p>&nbsp;<\/p>\n<p dir=\"ltr\">A Federa\u00e7\u00e3o pontuou a legitimidade de representa\u00e7\u00e3o dos trabalhadores do RJU e da Ebserh, e a import\u00e2ncia da participa\u00e7\u00e3o na mesa de negocia\u00e7\u00f5es, principalmente na media\u00e7\u00e3o de conflitos nos hospitais universit\u00e1rios.<\/p>\n<p>&nbsp;<\/p>\n<p dir=\"ltr\">Descumprimento do acordo<\/p>\n<p dir=\"ltr\">A FASUBRA apresentou as cl\u00e1usulas do Termo de Acordo de 2015 que n\u00e3o foram cumpridas. Como exemplo citou o Plano Nacional &nbsp;de Desenvolvimento dos servidores do PCCTAE, foi lan\u00e7ado, as institui\u00e7\u00f5es aderiram mas ficou faltando o edital de sele\u00e7\u00e3o dos trabalhadores. A minuta de afastamento para p\u00f3s-gradua\u00e7\u00e3o, mestrado e doutorado n\u00e3o foi editada, adicionais de insalubridade, aprimoramento da carreira.<\/p>\n<p>&nbsp;<\/p>\n<p dir=\"ltr\">A iniciativa do governo de publica\u00e7\u00e3o do decreto e a reestrutura\u00e7\u00e3o da carreira sem discuss\u00e3o pode gerar retirada de direitos, ferindo unilateralmente o acordo. \u201cSe voc\u00eas tem essa iniciativa sem discutir conosco, sem negocia\u00e7\u00e3o e sem cumprir o pr\u00f3prio acordo, pode gerar um conflito maior entre governo e categoria, e n\u00f3s temos raz\u00e3o jur\u00eddica em rela\u00e7\u00e3o a isso, alertamos sobre isso\u201d.<\/p>\n<p>&nbsp;<\/p>\n<p dir=\"ltr\">De acordo com o Planejamento, as cl\u00e1usulas sexta e s\u00e9tima, ser\u00e3o tratadas assim que forem retomadas as discuss\u00f5es da CNSC. \u201cSeria a oportunidade de esmiu\u00e7ar junto as provid\u00eancias que devem ser tomadas\u201d.<\/p>\n<p>&nbsp;<\/p>\n<p dir=\"ltr\">A FASUBRA apresentou como encaminhamento realizar uma reuni\u00e3o espec\u00edfica com MPDG e MEC para discutir as cl\u00e1usulas que n\u00e3o tem impacto financeiro. O diretor de Rela\u00e7\u00f5es de Trabalho concordou em estabelecer um cronograma entre FASUBRA, Planejamento e MEC para discutir a partir da cl\u00e1usula oitava do acordo.<\/p>\n<p>&nbsp;<\/p>\n<p dir=\"ltr\">Negocia\u00e7\u00e3o salarial<\/p>\n<p dir=\"ltr\">Os diretores solicitaram abertura de negocia\u00e7\u00e3o salarial diante da aus\u00eancia de reajuste para a Categoria, apresentando a conjuntura atual.<\/p>\n<p>&nbsp;<\/p>\n<p dir=\"ltr\">\u201cN\u00e3o temos sinaliza\u00e7\u00e3o de datas para abertura de pauta, assim que haja alguma novidade na agenda que nos autorize, haver\u00e1 um bater de martelo\u201d, afirmou Campolino, \u201ca resposta definitiva ainda est\u00e1 em aberto\u201d. O diretor tamb\u00e9m apresentou como argumento a crise fiscal brasileira.<\/p>\n<p>&nbsp;<\/p>\n<p dir=\"ltr\">Reestrutura\u00e7\u00e3o da carreira<\/p>\n<p dir=\"ltr\">O governo afirmou n\u00e3o ter uma posi\u00e7\u00e3o sobre a quest\u00e3o de reestrutura\u00e7\u00e3o das carreiras. Segundo Campolino, o olhar do governo federal neste momento est\u00e1 direcionado \u00e0 interven\u00e7\u00e3o militar no Rio de Janeiro, \u201cnesta situa\u00e7\u00e3o, projetos n\u00e3o s\u00f3 do Or\u00e7amento, mas de outros minist\u00e9rios n\u00e3o ser\u00e3o levados ao parlamento\u201d.<\/p>\n<p>&nbsp;<\/p>\n<p dir=\"ltr\">A pr\u00f3xima reuni\u00e3o est\u00e1 prevista para a \u00faltima semana de mar\u00e7o.<\/p>\n<p>&nbsp;<\/p>\n<p dir=\"ltr\">Assessoria de Comunica\u00e7\u00e3o FASUBRA Sindical<\/p>\n","protected":false},"excerpt":{"rendered":"<p>Comunicado sobre absor\u00e7\u00e3o do VBC ser\u00e1 suspenso, de acordo com o Planejamento. Em reuni\u00e3o com a representa\u00e7\u00e3o da FASUBRA na tarde de quarta-feira, 28, o governo federal afirmou que o decreto que extingue 60,9 mil cargos na administra\u00e7\u00e3o p\u00fablica est\u00e1 sob revis\u00e3o de uma comiss\u00e3o t\u00e9cnica do Minist\u00e9rio do Planejamento, Desenvolvimento e Gest\u00e3o (MPDG). O [&hellip;]<\/p>\n","protected":false},"author":2,"featured_media":0,"comment_status":"open","ping_status":"open","sticky":false,"template":"","format":"standard","meta":[],"categories":[5,18],"tags":[],"_links":{"self":[{"href":"http:\/\/sintema.org.br\/sintema\/wp-json\/wp\/v2\/posts\/9593"}],"collection":[{"href":"http:\/\/sintema.org.br\/sintema\/wp-json\/wp\/v2\/posts"}],"about":[{"href":"http:\/\/sintema.org.br\/sintema\/wp-json\/wp\/v2\/types\/post"}],"author":[{"embeddable":true,"href":"http:\/\/sintema.org.br\/sintema\/wp-json\/wp\/v2\/users\/2"}],"replies":[{"embeddable":true,"href":"http:\/\/sintema.org.br\/sintema\/wp-json\/wp\/v2\/comments?post=9593"}],"version-history":[{"count":1,"href":"http:\/\/sintema.org.br\/sintema\/wp-json\/wp\/v2\/posts\/9593\/revisions"}],"predecessor-version":[{"id":9595,"href":"http:\/\/sintema.org.br\/sintema\/wp-json\/wp\/v2\/posts\/9593\/revisions\/9595"}],"wp:attachment":[{"href":"http:\/\/sintema.org.br\/sintema\/wp-json\/wp\/v2\/media?parent=9593"}],"wp:term":[{"taxonomy":"category","embeddable":true,"href":"http:\/\/sintema.org.br\/sintema\/wp-json\/wp\/v2\/categories?post=9593"},{"taxonomy":"post_tag","embeddable":true,"href":"http:\/\/sintema.org.br\/sintema\/wp-json\/wp\/v2\/tags?post=9593"}],"curies":[{"name":"wp","href":"https:\/\/api.w.org\/{rel}","templated":true}]}}