{"id":9596,"date":"2018-03-05T12:30:07","date_gmt":"2018-03-05T12:30:07","guid":{"rendered":"http:\/\/sintema.org.br\/sintema\/?p=9596"},"modified":"2018-03-05T12:30:07","modified_gmt":"2018-03-05T12:30:07","slug":"fasubra-discute-a-luta-das-mulheres-dentro-dos-sindicatos-na-abertura-da-plenaria-nacional","status":"publish","type":"post","link":"http:\/\/sintema.org.br\/sintema\/fasubra-discute-a-luta-das-mulheres-dentro-dos-sindicatos-na-abertura-da-plenaria-nacional\/","title":{"rendered":"FASUBRA discute a luta das mulheres dentro dos sindicatos na abertura da plen\u00e1ria nacional"},"content":{"rendered":"<p><i>A participa\u00e7\u00e3o das mulheres se estendeu at\u00e9 o in\u00edcio da tarde, com diversas interven\u00e7\u00f5es. As delegadas soltaram a voz e compartilharam experi\u00eancias na universidade, no local de trabalho e nos sindicatos.<\/i><\/p>\n<p><a href=\"http:\/\/sintema.org.br\/sintema\/wp-content\/uploads\/2018\/03\/Plenria-manh-03032018-9-web.jpg\"><img loading=\"lazy\" class=\"alignnone size-medium wp-image-9597\" src=\"http:\/\/sintema.org.br\/sintema\/wp-content\/uploads\/2018\/03\/Plenria-manh-03032018-9-web-300x199.jpg\" alt=\"\" height=\"199\" width=\"300\"><\/a><\/p>\n<p>As mulheres da FASUBRA abriram a plen\u00e1ria nacional da Federa\u00e7\u00e3o na manh\u00e3 desta sexta-feira, 02, com debate sobre temas referentes \u00e0 luta das mulheres. O evento acontece no Audit\u00f3rio 3 da Faculdade de Ci\u00eancias da Sa\u00fade, <i>campus<\/i> Darcy Ribeiro da Universidade de Bras\u00edlia (UnB). As diretoras Eur\u00eddice Almeida e Ivanilda Reis da coordena\u00e7\u00e3o da Mulher Trabalhadora mediaram as discuss\u00f5es.<\/p>\n<p>&nbsp;<\/p>\n<p>Os participantes foram recebidos com o samba enredo da escola de samba do Rio de Janeiro, &nbsp;Salgueiro, com o tema da mulher negra. Ap\u00f3s a sauda\u00e7\u00e3o das coordenadoras \u00e0 plen\u00e1ria, a mesa concedeu a fala para as delegadas dos sindicatos de base a partir dos temas apresentados pelas coordenadoras, como a viol\u00eancia contra a mulher, mulheres negras, machismo no sindicato, legaliza\u00e7\u00e3o do aborto, falta de creche, participa\u00e7\u00e3o nos conselhos estaduais e municipais de mulheres e ass\u00e9dio moral.<\/p>\n<p>&nbsp;<\/p>\n<p>A participa\u00e7\u00e3o das mulheres se estendeu at\u00e9 o in\u00edcio da tarde, com diversas interven\u00e7\u00f5es. As delegadas soltaram a voz e compartilharam experi\u00eancias na universidade, no local de trabalho e nos sindicatos.<\/p>\n<p>De acordo com os relatos, a participa\u00e7\u00e3o das mulheres na dire\u00e7\u00e3o das entidades de base da Federa\u00e7\u00e3o tem aumentado, mas as dificuldades para conquistar os espa\u00e7os de poder ainda \u00e9 dif\u00edcil.<\/p>\n<p>&nbsp;<\/p>\n<p>A viol\u00eancia contra as mulheres negras e o racismo na rede p\u00fablica de aten\u00e7\u00e3o \u00e0 sa\u00fade foi compartilhada, baseado em estudos do estado de S\u00e3o Paulo que mostram que as mulheres negras recebem menos anestesia no parto.<\/p>\n<p>&nbsp;<\/p>\n<p>As delegadas convocaram as mulheres a participar das mobiliza\u00e7\u00f5es no dia Internacional da Mulher, 08 de mar\u00e7o. A sororidade e apoio \u00e0s mulheres para ocupar os espa\u00e7os de fala dentro dos sindicatos de base tamb\u00e9m foi abordado, com destaque \u00e0 forma\u00e7\u00e3o em comunica\u00e7\u00e3o, como um desafio a ser superado.<\/p>\n<p>&nbsp;<\/p>\n<p>As t\u00e9cnicas administrativas destacaram a luta contra o capital e a desconstru\u00e7\u00e3o contra o machismo, &nbsp;na busca pelo di\u00e1logo com os homens. A delicada miss\u00e3o de tratar o tema sobre legaliza\u00e7\u00e3o do aborto nas entidades de base e a necessidade de discutir \u00e0 luz das mulheres que s\u00e3o mortas em cl\u00ednicas clandestinas, revelou a humilha\u00e7\u00e3o de mulheres que se submetem ao aborto e buscam atendimento na sa\u00fade p\u00fablica.<\/p>\n<p>&nbsp;<\/p>\n<p>O debate trouxe \u00e0 tona a falta de creches nas universidades e as dificuldades das t\u00e9cnicas administrativas em educa\u00e7\u00e3o de deixar seus filhos para trabalhar. As coordenadoras refor\u00e7aram a resolu\u00e7\u00e3o congressual que garante creches para os filhos das delegadas em eventos da &nbsp;FASUBRA.<\/p>\n<p>&nbsp;<\/p>\n<p>As delegadas falaram sobre a participa\u00e7\u00e3o ativa das mulheres dos sindicatos nos conselhos estaduais e municipais de mulheres, principalmente na constru\u00e7\u00e3o dos atos nos estados no dia 08 de mar\u00e7o.<\/p>\n<p>&nbsp;<\/p>\n<p>Alguns delegados fizeram interven\u00e7\u00e3o agradecendo ao movimento sindical a oportunidade de desconstruir a cultura e postura machista.<\/p>\n<p>&nbsp;<\/p>\n<p>O projeto de lei que visa a demiss\u00e3o de servidor p\u00fablico por insufici\u00eancia de desempenho (PLS 116\/17) foi apontado como um dos maiores ass\u00e9dios contra o servidor p\u00fablico, e parte das reivindica\u00e7\u00f5es da Categoria.<\/p>\n<p>&nbsp;<\/p>\n<p>A mesa foi encerrada no in\u00edcio da tarde, ap\u00f3s o retorno do almo\u00e7o acontece a Confer\u00eancia Livre que debate o tema \u201cEm defesa da educa\u00e7\u00e3o p\u00fablica, gratuita e de qualidade, socialmente referenciada\u201d.<\/p>\n<p>&nbsp;<\/p>\n<p><b>Assessoria de Comunica\u00e7\u00e3o FASUBRA Sindical<\/b><\/p>\n","protected":false},"excerpt":{"rendered":"<p>A participa\u00e7\u00e3o das mulheres se estendeu at\u00e9 o in\u00edcio da tarde, com diversas interven\u00e7\u00f5es. As delegadas soltaram a voz e compartilharam experi\u00eancias na universidade, no local de trabalho e nos sindicatos. As mulheres da FASUBRA abriram a plen\u00e1ria nacional da Federa\u00e7\u00e3o na manh\u00e3 desta sexta-feira, 02, com debate sobre temas referentes \u00e0 luta das mulheres. [&hellip;]<\/p>\n","protected":false},"author":2,"featured_media":0,"comment_status":"open","ping_status":"open","sticky":false,"template":"","format":"standard","meta":[],"categories":[5,18],"tags":[],"_links":{"self":[{"href":"http:\/\/sintema.org.br\/sintema\/wp-json\/wp\/v2\/posts\/9596"}],"collection":[{"href":"http:\/\/sintema.org.br\/sintema\/wp-json\/wp\/v2\/posts"}],"about":[{"href":"http:\/\/sintema.org.br\/sintema\/wp-json\/wp\/v2\/types\/post"}],"author":[{"embeddable":true,"href":"http:\/\/sintema.org.br\/sintema\/wp-json\/wp\/v2\/users\/2"}],"replies":[{"embeddable":true,"href":"http:\/\/sintema.org.br\/sintema\/wp-json\/wp\/v2\/comments?post=9596"}],"version-history":[{"count":1,"href":"http:\/\/sintema.org.br\/sintema\/wp-json\/wp\/v2\/posts\/9596\/revisions"}],"predecessor-version":[{"id":9598,"href":"http:\/\/sintema.org.br\/sintema\/wp-json\/wp\/v2\/posts\/9596\/revisions\/9598"}],"wp:attachment":[{"href":"http:\/\/sintema.org.br\/sintema\/wp-json\/wp\/v2\/media?parent=9596"}],"wp:term":[{"taxonomy":"category","embeddable":true,"href":"http:\/\/sintema.org.br\/sintema\/wp-json\/wp\/v2\/categories?post=9596"},{"taxonomy":"post_tag","embeddable":true,"href":"http:\/\/sintema.org.br\/sintema\/wp-json\/wp\/v2\/tags?post=9596"}],"curies":[{"name":"wp","href":"https:\/\/api.w.org\/{rel}","templated":true}]}}