{"id":9599,"date":"2018-03-05T12:31:34","date_gmt":"2018-03-05T12:31:34","guid":{"rendered":"http:\/\/sintema.org.br\/sintema\/?p=9599"},"modified":"2018-03-05T12:31:34","modified_gmt":"2018-03-05T12:31:34","slug":"analise-de-conjuntura-aponta-nova-agenda-de-lutas-antes-do-congresso","status":"publish","type":"post","link":"http:\/\/sintema.org.br\/sintema\/analise-de-conjuntura-aponta-nova-agenda-de-lutas-antes-do-congresso\/","title":{"rendered":"An\u00e1lise de conjuntura aponta nova agenda de lutas antes do congresso"},"content":{"rendered":"<p dir=\"ltr\">Segundo a &nbsp;FASUBRA, a interven\u00e7\u00e3o militar no RJ se tornou desculpa para o governo n\u00e3o apresentar respostas concretas.<\/p>\n<p><a href=\"http:\/\/sintema.org.br\/sintema\/wp-content\/uploads\/2018\/03\/Plenria-03022018-1-web.jpg\"><img loading=\"lazy\" class=\"alignnone size-medium wp-image-9600\" src=\"http:\/\/sintema.org.br\/sintema\/wp-content\/uploads\/2018\/03\/Plenria-03022018-1-web-300x199.jpg\" alt=\"\" height=\"199\" width=\"300\" srcset=\"http:\/\/sintema.org.br\/sintema\/wp-content\/uploads\/2018\/03\/Plenria-03022018-1-web-300x199.jpg 300w, http:\/\/sintema.org.br\/sintema\/wp-content\/uploads\/2018\/03\/Plenria-03022018-1-web.jpg 640w\" sizes=\"(max-width: 300px) 100vw, 300px\" \/><\/a><\/p>\n<p dir=\"ltr\">Cerca de 160 delegados participaram da Plen\u00e1ria Nacional da FASUBRA na manh\u00e3 de s\u00e1bado, 03, na Universidade de Bras\u00edlia (UnB). O evento come\u00e7ou com os informes sobre a reuni\u00e3o da FASUBRA com o Minist\u00e9rio do Planejamento, Desenvolvimento e Gest\u00e3o e a organiza\u00e7\u00e3o do XXIII Congresso da FASUBRA (CONFASUBRA). A proposta da dire\u00e7\u00e3o \u00e9 a contratar uma empresa para organizar o evento, com foco principal no debate pol\u00edtico.<\/p>\n<p>&nbsp;<\/p>\n<p dir=\"ltr\">An\u00e1lise de conjuntura<\/p>\n<p>&nbsp;<\/p>\n<p dir=\"ltr\">Gibran<\/p>\n<p dir=\"ltr\">O coordenador geral Gibran Jord\u00e3o se despediu da \u00faltima plen\u00e1ria como diretor. Destacou a participa\u00e7\u00e3o jovens na luta junto aos trabalhadores que constru\u00edram a hist\u00f3ria da Federa\u00e7\u00e3o. \u201c\u00c9 uma vit\u00f3ria da nossa Federa\u00e7\u00e3o, n\u00e3o \u00e9 todo sindicato nacional que tem uma gera\u00e7\u00e3o de jovens que podem assumir isso\u201d.<\/p>\n<p dir=\"ltr\">&nbsp;<\/p>\n<p dir=\"ltr\">&nbsp;<\/p>\n<p dir=\"ltr\"><img loading=\"lazy\" src=\"http:\/\/fasubra.org.br\/images\/2018\/Marco\/Anlise%20de%20Conjuntura%20143%20web.JPG\" alt=\"\" height=\"313\" width=\"473\"><\/p>\n<p dir=\"ltr\">&nbsp;<\/p>\n<p dir=\"ltr\">&nbsp;<\/p>\n<p dir=\"ltr\">Para Gibran, a greve da FASUBRA em 2017 foi importante para acumular for\u00e7as, junto com outros atores para derrubar a reforma da Previd\u00eancia e a reestrutura\u00e7\u00e3o das carreiras. Grandes desafios aguardam os trabalhadores, segundo o coordenador, como a organiza\u00e7\u00e3o do dia 08 de mar\u00e7o, a defesa da carreira e a constru\u00e7\u00e3o da unidade com base na diversidade.<\/p>\n<p dir=\"ltr\">&nbsp;<\/p>\n<p dir=\"ltr\">&nbsp;<\/p>\n<p dir=\"ltr\">Chiquinho<\/p>\n<p dir=\"ltr\">O coordenador Francisco de Assis (Chiquinho) que representou a coordenadora geral Leia Oliveira, relembrou a constante luta pela unidade dos trabalhadores desde os governos populares, independente de contradi\u00e7\u00f5es, e a dificuldade de construir a uni\u00e3o. \u201cN\u00f3s sempre buscamos a unidade\u201d.<\/p>\n<p dir=\"ltr\">&nbsp;<\/p>\n<p dir=\"ltr\">&nbsp;<\/p>\n<p dir=\"ltr\"><img loading=\"lazy\" src=\"http:\/\/fasubra.org.br\/images\/2018\/Marco\/Anlise%20de%20Conjuntura%2013%20web.JPG\" alt=\"\" height=\"327\" width=\"493\"><\/p>\n<p dir=\"ltr\">&nbsp;<\/p>\n<p dir=\"ltr\">&nbsp;<\/p>\n<p dir=\"ltr\">Na vis\u00e3o pol\u00edtica, na mesa de negocia\u00e7\u00e3o com o governo golpista n\u00e3o haver\u00e1 avan\u00e7os na pauta de interesse da categoria. \u201cN\u00e3o devemos acreditar nesse golpe\u201d, disse. O momento \u00e9 de unificar os servidores p\u00fablicos para derrubar o governo, ressaltou. \u201cAvan\u00e7ar na luta sempre em defesa dos interesses da categoria\u201d.<\/p>\n<p>&nbsp;<\/p>\n<p dir=\"ltr\">Marzola<\/p>\n<p dir=\"ltr\">As elei\u00e7\u00f5es devem estar na mira dos trabalhadores. Segundo o coordenador Rog\u00e9rio Marzola, a categoria n\u00e3o deve permitir candidaturas classistas que n\u00e3o fa\u00e7am a concilia\u00e7\u00e3o de classes editada e reeditada a cada elei\u00e7\u00e3o. \u201cN\u00e3o podemos ter alian\u00e7as eleitorais com os mesmos golpistas que n\u00f3s denunciamos em nossas greves e manifesta\u00e7\u00f5es\u201d, afirmou.<\/p>\n<p dir=\"ltr\">&nbsp;<\/p>\n<p dir=\"ltr\">&nbsp;<\/p>\n<p dir=\"ltr\"><img loading=\"lazy\" src=\"http:\/\/fasubra.org.br\/images\/2018\/Marco\/Resolucoes%2036%20web.JPG\" alt=\"\" height=\"313\" width=\"473\"><\/p>\n<p dir=\"ltr\">&nbsp;<\/p>\n<p dir=\"ltr\">&nbsp;<\/p>\n<p dir=\"ltr\">Marzola ponderou pela coer\u00eancia em apontar uma sa\u00edda estrat\u00e9gica e socialista para a classe trabalhadora. A luta contra as reformas e o protagonismo da Federa\u00e7\u00e3o foram destacadas. O coordenador apontou pela constru\u00e7\u00e3o de uma agenda de lutas junto com o Fonasefe at\u00e9 a realiza\u00e7\u00e3o do congresso, para pressionar o governo. &nbsp;<\/p>\n<p dir=\"ltr\">&nbsp;<\/p>\n<p dir=\"ltr\">&nbsp;<\/p>\n<p dir=\"ltr\">&nbsp;<\/p>\n<p dir=\"ltr\">Vaz<\/p>\n<p dir=\"ltr\">Para o coordenador Paulo Vaz, as an\u00e1lises t\u00eam semelhan\u00e7as porque a conjuntura n\u00e3o mudou nesses dois anos. \u201cO golpe foi instalado, est\u00e1 em curso sendo aperfei\u00e7oando\u201d. Observou a necessidade de uma leitura profunda sobre a interven\u00e7\u00e3o militar no Rio de Janeiro, as elei\u00e7\u00f5es de 2018, e relacionar todos os ataques \u00e0 classe trabalhadora.<\/p>\n<p dir=\"ltr\">&nbsp;<\/p>\n<p dir=\"ltr\">&nbsp;<\/p>\n<p dir=\"ltr\"><img loading=\"lazy\" src=\"http:\/\/fasubra.org.br\/images\/2018\/Marco\/Anlise%20de%20Conjuntura%2014%20web.JPG\" alt=\"\" height=\"325\" width=\"490\"><\/p>\n<p dir=\"ltr\">&nbsp;<\/p>\n<p dir=\"ltr\">&nbsp;<\/p>\n<p dir=\"ltr\">Vaz defendeu a realiza\u00e7\u00e3o de grandes atividades para o dia 08 de mar\u00e7o, a participa\u00e7\u00e3o no F\u00f3rum Social Mundial com a possibilidade de despertar a sociedade brasileira da influ\u00eancia das grandes m\u00eddias e judici\u00e1rio. Para o coordenador, \u00e9 primordial encontrar um ponto de equil\u00edbrio na classe trabalhadora para esse ano em que as elei\u00e7\u00f5es est\u00e3o sob amea\u00e7a.<\/p>\n<p dir=\"ltr\">&nbsp;<\/p>\n<p dir=\"ltr\">&nbsp;<\/p>\n<p dir=\"ltr\">Rafael<\/p>\n<p dir=\"ltr\">Debater a reorganiza\u00e7\u00e3o da esquerda e dos trabalhadores no Brasil, segundo o coordenador Rafael Pereira, \u00e9 necess\u00e1rio nesse final de ciclo pol\u00edtico. O coordenador apontou a import\u00e2ncia da FASUBRA para organizar os que seguem na luta pela reorganiza\u00e7\u00e3o da esquerda.<\/p>\n<p>&nbsp;<\/p>\n<p><img loading=\"lazy\" src=\"http:\/\/fasubra.org.br\/images\/2018\/Marco\/Anlise%20de%20Conjuntura%2026%20web.JPG\" alt=\"\" height=\"323\" width=\"487\"><\/p>\n<p>&nbsp;<\/p>\n<p dir=\"ltr\">Sobre a unidade na luta, Rafael citou o palestrante da confer\u00eancia livre, Luiz Ara\u00fajo que considera dois pontos importantes na luta da classe trabalhadora, a revoga\u00e7\u00e3o da Emenda Constitucional n\u00ba 95\/16, que congela os investimentos por 20 anos e a defesa de verbas p\u00fablicas somente para educa\u00e7\u00e3o p\u00fablica.<\/p>\n<p>&nbsp;<\/p>\n<p dir=\"ltr\">&nbsp;<\/p>\n<p dir=\"ltr\">Adriana<\/p>\n<p dir=\"ltr\">A coordenadora Adriana Stella, criticou a postura do governo de priorizar a interven\u00e7\u00e3o militar frente \u00e0s reivindica\u00e7\u00f5es dos trabalhadores. Segundo ela, o Rio de Janeiro teve um processo mais acelerado de lutas que nem o carnaval conseguiu esconder, \u201cfoi o carnaval mais politizado de todos, trazia gritos de liberta\u00e7\u00e3o\u201d, destacando o enredo da escola Tuiuti.<\/p>\n<p dir=\"ltr\">&nbsp;<\/p>\n<p dir=\"ltr\">&nbsp;<\/p>\n<p dir=\"ltr\"><img loading=\"lazy\" src=\"http:\/\/fasubra.org.br\/images\/2018\/Marco\/Anlise%20de%20Conjuntura%2045%20web.JPG\" alt=\"\" height=\"321\" width=\"483\"><\/p>\n<p>&nbsp;<\/p>\n<p dir=\"ltr\">Stella criticou falas anteriores de unidade baseada em um capitalismo mais humano. Para a coordenadora, dar estabilidade e equil\u00edbrio a este regime, significa a manuten\u00e7\u00e3o de um governo de concilia\u00e7\u00e3o de classes. \u201c\u00c9 preciso romper com esse sistema\u201d, afirmou. Stella fez um chamado \u00e0 rebeli\u00e3o, para \u201corganizar os debaixo e derrubar os de cima\u201d.<\/p>\n<p dir=\"ltr\">&nbsp;<\/p>\n<p dir=\"ltr\">&nbsp;<\/p>\n<p dir=\"ltr\">Pedro Rosa&nbsp;<\/p>\n<p dir=\"ltr\">Para o coordenador Pedro Rosa, a categoria foi a principal vanguarda da luta nacional para que o governo n\u00e3o aprovasse a reforma da Previd\u00eancia. Alegou que o principal debate \u00e9 a campanha salarial, mas apontou realizou um balan\u00e7o da greve de 2017 e sua interrup\u00e7\u00e3o, com uma an\u00e1lise cr\u00edtica referente a postura da dire\u00e7\u00e3o, \u201ca maioria da dire\u00e7\u00e3o n\u00e3o queria\u201d. &nbsp;<\/p>\n<p dir=\"ltr\">&nbsp;<\/p>\n<p dir=\"ltr\">&nbsp;<\/p>\n<p dir=\"ltr\"><img loading=\"lazy\" src=\"http:\/\/fasubra.org.br\/images\/2018\/Marco\/Anlise%20de%20Conjuntura%2073%20web.JPG\" alt=\"\" height=\"318\" width=\"480\"><\/p>\n<p dir=\"ltr\">&nbsp;<\/p>\n<p dir=\"ltr\">&nbsp;<\/p>\n<p dir=\"ltr\">Rosa criticou a reivindica\u00e7\u00e3o da dire\u00e7\u00e3o nas reuni\u00f5es com o governo para retornar \u00e0 mesa de negocia\u00e7\u00f5es da Empresa Brasileira de servi\u00e7os Hospitalares (Ebserh). Questionou o que fazer com os trabalhadores do RJU que est\u00e3o na batalha pela revoga\u00e7\u00e3o da Ebserh, os aposentados que n\u00e3o receberam o reposicionamento e a pauta das 30 horas, reivindicando transpar\u00eancia.<\/p>\n<p dir=\"ltr\">&nbsp;<\/p>\n<p dir=\"ltr\">&nbsp;<\/p>\n<p dir=\"ltr\">Rolando<\/p>\n<p dir=\"ltr\">O coordenador Rolando Malv\u00e1sio iniciou a fala agradecendo a oportunidade de estar na diretoria da Federa\u00e7\u00e3o h\u00e1 v\u00e1rios anos. Para o coordenador, n\u00e3o h\u00e1 sa\u00edda, o momento \u00e9 de fortalecer um calend\u00e1rio e deflagrar uma greve em maio, depois do congresso e advertiu, \u201cesse governo est\u00e1 nos enrolando\u201d.<\/p>\n<p dir=\"ltr\">&nbsp;<\/p>\n<p dir=\"ltr\"><img loading=\"lazy\" src=\"http:\/\/fasubra.org.br\/images\/2018\/Marco\/Anlise%20de%20Conjuntura%20117%20web.JPG\" alt=\"\" height=\"330\" width=\"497\"><\/p>\n<p dir=\"ltr\">&nbsp;<\/p>\n<p dir=\"ltr\">&nbsp;<\/p>\n<p dir=\"ltr\">Segundo Rolando, a \u00fanica linguagem que o governo conhece \u00e9 o enfrentamento e alegou que a interven\u00e7\u00e3o militar no RJ \u00e9 desculpa pra tudo no governo. A suspens\u00e3o do comunicado referente ao VBC foi a \u00fanica conquista, segundo o coordenador, que encerrou conclamando todos os grupos pol\u00edticos para lutar juntos em uma greve jamais vista.<\/p>\n<p>&nbsp;<\/p>\n<p dir=\"ltr\">Ap\u00f3s as interven\u00e7\u00f5es dos representantes pol\u00edticos, a mesa abriu inscri\u00e7\u00f5es para interven\u00e7\u00e3o dos delegados.<\/p>\n<p>&nbsp;<\/p>\n<p dir=\"ltr\">Assessoria de Comunica\u00e7\u00e3o FASUBRA Sindical<\/p>\n","protected":false},"excerpt":{"rendered":"<p>Segundo a &nbsp;FASUBRA, a interven\u00e7\u00e3o militar no RJ se tornou desculpa para o governo n\u00e3o apresentar respostas concretas. Cerca de 160 delegados participaram da Plen\u00e1ria Nacional da FASUBRA na manh\u00e3 de s\u00e1bado, 03, na Universidade de Bras\u00edlia (UnB). O evento come\u00e7ou com os informes sobre a reuni\u00e3o da FASUBRA com o Minist\u00e9rio do Planejamento, Desenvolvimento [&hellip;]<\/p>\n","protected":false},"author":2,"featured_media":0,"comment_status":"open","ping_status":"open","sticky":false,"template":"","format":"standard","meta":[],"categories":[5,18],"tags":[],"_links":{"self":[{"href":"http:\/\/sintema.org.br\/sintema\/wp-json\/wp\/v2\/posts\/9599"}],"collection":[{"href":"http:\/\/sintema.org.br\/sintema\/wp-json\/wp\/v2\/posts"}],"about":[{"href":"http:\/\/sintema.org.br\/sintema\/wp-json\/wp\/v2\/types\/post"}],"author":[{"embeddable":true,"href":"http:\/\/sintema.org.br\/sintema\/wp-json\/wp\/v2\/users\/2"}],"replies":[{"embeddable":true,"href":"http:\/\/sintema.org.br\/sintema\/wp-json\/wp\/v2\/comments?post=9599"}],"version-history":[{"count":1,"href":"http:\/\/sintema.org.br\/sintema\/wp-json\/wp\/v2\/posts\/9599\/revisions"}],"predecessor-version":[{"id":9601,"href":"http:\/\/sintema.org.br\/sintema\/wp-json\/wp\/v2\/posts\/9599\/revisions\/9601"}],"wp:attachment":[{"href":"http:\/\/sintema.org.br\/sintema\/wp-json\/wp\/v2\/media?parent=9599"}],"wp:term":[{"taxonomy":"category","embeddable":true,"href":"http:\/\/sintema.org.br\/sintema\/wp-json\/wp\/v2\/categories?post=9599"},{"taxonomy":"post_tag","embeddable":true,"href":"http:\/\/sintema.org.br\/sintema\/wp-json\/wp\/v2\/tags?post=9599"}],"curies":[{"name":"wp","href":"https:\/\/api.w.org\/{rel}","templated":true}]}}