{"id":9602,"date":"2018-03-05T12:36:56","date_gmt":"2018-03-05T12:36:56","guid":{"rendered":"http:\/\/sintema.org.br\/sintema\/?p=9602"},"modified":"2018-03-05T12:36:56","modified_gmt":"2018-03-05T12:36:56","slug":"conferencia-livre-aponta-a-unidade-do-movimento-educacional-no-pais-e-resistencia-ao-desmonte-publico","status":"publish","type":"post","link":"http:\/\/sintema.org.br\/sintema\/conferencia-livre-aponta-a-unidade-do-movimento-educacional-no-pais-e-resistencia-ao-desmonte-publico\/","title":{"rendered":"Confer\u00eancia livre aponta a unidade do movimento educacional no pa\u00eds e resist\u00eancia ao desmonte p\u00fablico"},"content":{"rendered":"<p dir=\"ltr\">FASUBRA refor\u00e7a a participa\u00e7\u00e3o das entidades de base na CONAPE 2018.<\/p>\n<p><a href=\"http:\/\/sintema.org.br\/sintema\/wp-content\/uploads\/2018\/03\/Plenria-Conferncia-Livre-23-web.jpg\"><img loading=\"lazy\" class=\"alignnone size-medium wp-image-9603\" src=\"http:\/\/sintema.org.br\/sintema\/wp-content\/uploads\/2018\/03\/Plenria-Conferncia-Livre-23-web-300x199.jpg\" alt=\"\" height=\"199\" width=\"300\"><\/a><\/p>\n<p dir=\"ltr\">Na tarde de sexta-feira, 02, a coordena\u00e7\u00e3o de Educa\u00e7\u00e3o realizou a Confer\u00eancia Livre para discutir o tema: \u201cEm defesa da educa\u00e7\u00e3o p\u00fablica, gratuita e de qualidade, socialmente referenciada\u201d. O evento aconteceu no Audit\u00f3rio 3 da Faculdade de Ci\u00eancias da Sa\u00fade na Universidade de Bras\u00edlia (UnB), em prepara\u00e7\u00e3o \u00e0 Confer\u00eancia Nacional Popular de Educa\u00e7\u00e3o (CONAPE), que acontece de 24 a 26 de maio, na cidade de Belo Horizonte &#8211; MG e contou com a participa\u00e7\u00e3o de especialistas em educa\u00e7\u00e3o. Os coordenadores Rafael Pereira e Ant\u00f4nio Alves mediaram o debate.<\/p>\n<p>&nbsp;<\/p>\n<p dir=\"ltr\">Nat\u00e1lia Duarte, coordenadora da CONAPE e doutora em Pol\u00edtica Social pela UnB apresentou a constru\u00e7\u00e3o da confer\u00eancia nacional e um balan\u00e7o das confer\u00eancias municipais e estaduais. Segundo a coordenadora, as entidades do movimento educacional consideram que o momento \u00e9 de resist\u00eancia diante da conjuntura atual e defesa da participa\u00e7\u00e3o popular na constru\u00e7\u00e3o das pol\u00edticas p\u00fablicas.<\/p>\n<p>&nbsp;<\/p>\n<p dir=\"ltr\">A mobiliza\u00e7\u00e3o em defesa do Plano Nacional de Educa\u00e7\u00e3o e o monitoramento das metas e an\u00e1lise cr\u00edtica das medidas que tem inviabilizado a efetiva\u00e7\u00e3o do plano, como a aprova\u00e7\u00e3o da Emenda Constitucional 95\/2016, que congela gastos sociais por 20 anos, afeta diretamente a educa\u00e7\u00e3o.<\/p>\n<p>&nbsp;<\/p>\n<p><img loading=\"lazy\" src=\"http:\/\/fasubra.org.br\/images\/2018\/Fevereiro\/Conferncia%20Livre%20-%20Natalia%205%20web.jpg\" alt=\"\" height=\"308\" width=\"465\"><\/p>\n<p>&nbsp;<\/p>\n<p dir=\"ltr\">A resist\u00eancia contra a extin\u00e7\u00e3o dos Minist\u00e9rios Sociais, a inexist\u00eancia de mulheres e negros no 1\u00b0 escal\u00e3o do governo, a revoga\u00e7\u00e3o da reforma Trabalhista, a regulariza\u00e7\u00e3o do trabalho escravo, contra a venda do pr\u00e9-sal, privatiza\u00e7\u00e3o, REFIS \u2013 perd\u00e3o de d\u00edvidas dos grandes empres\u00e1rios, reforma do ensino m\u00e9dio, sucateamento das universidades e interven\u00e7\u00e3o militar s\u00e3o eixos da CONAPE.<\/p>\n<p dir=\"ltr\">&nbsp;<\/p>\n<p dir=\"ltr\">Nat\u00e1lia analisou o cen\u00e1rio pol\u00edtico desde os governos de esquerda, apontando as diferen\u00e7as da esquerda brasileira diante da conjuntura atual, chamando para a unidade das entidades. A coordenadora convidou os delegados da Federa\u00e7\u00e3o a participar da CONAPE e de todos os espa\u00e7os democr\u00e1ticos de debate, unificando a luta. \u201cNossa unidade est\u00e1 posta e \u00e9 nossa sa\u00edda\u201d.<\/p>\n<p>&nbsp;<\/p>\n<p dir=\"ltr\">Luiz Ara\u00fajo, doutor em Financiamento Educacional pela USP, explicou a hist\u00f3ria do movimento educacional em dois atos, antes do impeachment e depois do golpe. \u201cO golpe foi grav\u00edssimo, aprofundou tend\u00eancias que j\u00e1 tinham, precisamos reaglutinar as for\u00e7as que s\u00e3o contra o golpe na \u00e1rea da educa\u00e7\u00e3o\u201d.<\/p>\n<p>&nbsp;<\/p>\n<p dir=\"ltr\">Fez um hist\u00f3rico da press\u00e3o do movimento educacional para que o Plano Nacional de Educa\u00e7\u00e3o apontasse a op\u00e7\u00e3o pela Escola P\u00fablica e aprova\u00e7\u00e3o do PNE, \u201ccheio de contradi\u00e7\u00f5es\u201d, segundo Ara\u00fajo.<\/p>\n<p>&nbsp;<\/p>\n<p>&nbsp;<\/p>\n<p><img loading=\"lazy\" src=\"http:\/\/fasubra.org.br\/images\/2018\/Fevereiro\/Plenria%20-%20Conferncia%20Livre%206%20web.jpg\" alt=\"\" height=\"314\" width=\"474\"><\/p>\n<p>&nbsp;<\/p>\n<p dir=\"ltr\">Para o professor, o momento \u00e9 de unidade da entidades do movimento educacional, por batalhas que unificam, como a revoga\u00e7\u00e3o da Emenda Constitucional n\u00ba95\/16 que congela os investimentos por 20 anos. Tamb\u00e9m a defesa de verbas p\u00fablicas somente para escola p\u00fablica, sem as contradi\u00e7\u00f5es que \u201cser governo\u201d provocaram nessa bandeira. \u201cEspero que a gente saia mais unido, com uma pauta comum\u201d, disse.<\/p>\n<p>&nbsp;<\/p>\n<p dir=\"ltr\">A mesa abriu o debate para os delegados, com ampla participa\u00e7\u00e3o. A FASUBRA refor\u00e7ou o chamado \u00e0s entidades de base para participar das confer\u00eancias estaduais e municipais e a confer\u00eancia nacional e a resist\u00eancia ao projeto de governo executado ap\u00f3s o impeachment com o objetivo de retirar direitos sociais e democr\u00e1ticos.<\/p>\n<p dir=\"ltr\">&nbsp;<\/p>\n<p dir=\"ltr\">Assessoria de Comunica\u00e7\u00e3o FASUBRA Sindical<\/p>\n","protected":false},"excerpt":{"rendered":"<p>FASUBRA refor\u00e7a a participa\u00e7\u00e3o das entidades de base na CONAPE 2018. Na tarde de sexta-feira, 02, a coordena\u00e7\u00e3o de Educa\u00e7\u00e3o realizou a Confer\u00eancia Livre para discutir o tema: \u201cEm defesa da educa\u00e7\u00e3o p\u00fablica, gratuita e de qualidade, socialmente referenciada\u201d. O evento aconteceu no Audit\u00f3rio 3 da Faculdade de Ci\u00eancias da Sa\u00fade na Universidade de Bras\u00edlia [&hellip;]<\/p>\n","protected":false},"author":2,"featured_media":0,"comment_status":"open","ping_status":"open","sticky":false,"template":"","format":"standard","meta":[],"categories":[18],"tags":[],"_links":{"self":[{"href":"http:\/\/sintema.org.br\/sintema\/wp-json\/wp\/v2\/posts\/9602"}],"collection":[{"href":"http:\/\/sintema.org.br\/sintema\/wp-json\/wp\/v2\/posts"}],"about":[{"href":"http:\/\/sintema.org.br\/sintema\/wp-json\/wp\/v2\/types\/post"}],"author":[{"embeddable":true,"href":"http:\/\/sintema.org.br\/sintema\/wp-json\/wp\/v2\/users\/2"}],"replies":[{"embeddable":true,"href":"http:\/\/sintema.org.br\/sintema\/wp-json\/wp\/v2\/comments?post=9602"}],"version-history":[{"count":1,"href":"http:\/\/sintema.org.br\/sintema\/wp-json\/wp\/v2\/posts\/9602\/revisions"}],"predecessor-version":[{"id":9604,"href":"http:\/\/sintema.org.br\/sintema\/wp-json\/wp\/v2\/posts\/9602\/revisions\/9604"}],"wp:attachment":[{"href":"http:\/\/sintema.org.br\/sintema\/wp-json\/wp\/v2\/media?parent=9602"}],"wp:term":[{"taxonomy":"category","embeddable":true,"href":"http:\/\/sintema.org.br\/sintema\/wp-json\/wp\/v2\/categories?post=9602"},{"taxonomy":"post_tag","embeddable":true,"href":"http:\/\/sintema.org.br\/sintema\/wp-json\/wp\/v2\/tags?post=9602"}],"curies":[{"name":"wp","href":"https:\/\/api.w.org\/{rel}","templated":true}]}}