{"id":9638,"date":"2018-03-12T12:55:38","date_gmt":"2018-03-12T12:55:38","guid":{"rendered":"http:\/\/sintema.org.br\/sintema\/?p=9638"},"modified":"2018-03-12T12:55:38","modified_gmt":"2018-03-12T12:55:38","slug":"prazos-regimentais-do-xxiii-confasubra-para-eleicao-de-delegados","status":"publish","type":"post","link":"http:\/\/sintema.org.br\/sintema\/prazos-regimentais-do-xxiii-confasubra-para-eleicao-de-delegados\/","title":{"rendered":"Prazos regimentais do XXIII CONFASUBRA para elei\u00e7\u00e3o de delegados"},"content":{"rendered":"<p dir=\"ltr\">As informa\u00e7\u00f5es sobre o n\u00famero de trabalhadores devem ser enviadas at\u00e9 o dia 20 de mar\u00e7o.<\/p>\n<p><a href=\"http:\/\/sintema.org.br\/sintema\/wp-content\/uploads\/2018\/03\/Prazo-Regimental-web.jpg\"><img loading=\"lazy\" class=\"alignnone size-medium wp-image-9639\" src=\"http:\/\/sintema.org.br\/sintema\/wp-content\/uploads\/2018\/03\/Prazo-Regimental-web-300x175.jpg\" alt=\"\" height=\"175\" width=\"300\"><\/a><\/p>\n<p dir=\"ltr\">Confira os <a href=\"https:\/\/docs.google.com\/document\/d\/1ocwLdR6s2XcNiUMspqI0HchdqmYL7HT-pJo9iMXHY04\/edit\">prazos regimentais<\/a> para a convoca\u00e7\u00e3o de assembleias e elei\u00e7\u00e3o de delegados para o XXIII Congresso Nacional da FASUBRA Sindical. &nbsp;As informa\u00e7\u00f5es sobre o n\u00famero de trabalhadores ativos, aposentados, pensionistas, trabalhadores e empregados de institui\u00e7\u00f5es p\u00fablicas de ensino superior devem ser enviadas at\u00e9 o dia 20 de mar\u00e7o, para o e-mail: <a href=\"mailto:congresso@fasubra.org.br\">congresso@fasubra.org.br<\/a>.<\/p>\n<p>&nbsp;<\/p>\n<p dir=\"ltr\">O XXIII CONFASUBRA ser\u00e1 realizado de 26 de novembro a 1\u00ba de dezembro, em Po\u00e7os de Caldas \u2013 MG. Inst\u00e2ncia m\u00e1xima de delibera\u00e7\u00e3o, o congresso \u00e9 soberano para deliberar sobre qualquer proposta, desde que esteja inclu\u00edda no tem\u00e1rio do evento. Tamb\u00e9m \u00e9 permitida a participa\u00e7\u00e3o de convidados e observadores, por\u00e9m, sem direito a voto.<\/p>\n<p>&nbsp;<\/p>\n<p dir=\"ltr\">Servi\u00e7o<\/p>\n<p dir=\"ltr\">Congresso da FASUBRA (XXIII CONFASUBRA)<\/p>\n<p dir=\"ltr\">Data: 06, 07, 08, 09, 10 e 11 de maio de 2018<\/p>\n<p dir=\"ltr\">Local: Centro Nacional de Conven\u00e7\u00f5es \u2013 Cenacon<\/p>\n<p dir=\"ltr\">Av. Vereador Edmundo Cardillo, 3500 &#8211; Jd. Del Rey &#8211; Jardim Bandeirantes.<\/p>\n<p dir=\"ltr\">Po\u00e7os de Caldas &#8211; MG<\/p>\n<p>&nbsp;<\/p>\n<p dir=\"ltr\">Assessoria de Comunica\u00e7\u00e3o FASUBRA Sindical<\/p>\n","protected":false},"excerpt":{"rendered":"<p>As informa\u00e7\u00f5es sobre o n\u00famero de trabalhadores devem ser enviadas at\u00e9 o dia 20 de mar\u00e7o. Confira os prazos regimentais para a convoca\u00e7\u00e3o de assembleias e elei\u00e7\u00e3o de delegados para o XXIII Congresso Nacional da FASUBRA Sindical. &nbsp;As informa\u00e7\u00f5es sobre o n\u00famero de trabalhadores ativos, aposentados, pensionistas, trabalhadores e empregados de institui\u00e7\u00f5es p\u00fablicas de ensino [&hellip;]<\/p>\n","protected":false},"author":2,"featured_media":0,"comment_status":"open","ping_status":"open","sticky":false,"template":"","format":"standard","meta":[],"categories":[5,18],"tags":[],"_links":{"self":[{"href":"http:\/\/sintema.org.br\/sintema\/wp-json\/wp\/v2\/posts\/9638"}],"collection":[{"href":"http:\/\/sintema.org.br\/sintema\/wp-json\/wp\/v2\/posts"}],"about":[{"href":"http:\/\/sintema.org.br\/sintema\/wp-json\/wp\/v2\/types\/post"}],"author":[{"embeddable":true,"href":"http:\/\/sintema.org.br\/sintema\/wp-json\/wp\/v2\/users\/2"}],"replies":[{"embeddable":true,"href":"http:\/\/sintema.org.br\/sintema\/wp-json\/wp\/v2\/comments?post=9638"}],"version-history":[{"count":1,"href":"http:\/\/sintema.org.br\/sintema\/wp-json\/wp\/v2\/posts\/9638\/revisions"}],"predecessor-version":[{"id":9640,"href":"http:\/\/sintema.org.br\/sintema\/wp-json\/wp\/v2\/posts\/9638\/revisions\/9640"}],"wp:attachment":[{"href":"http:\/\/sintema.org.br\/sintema\/wp-json\/wp\/v2\/media?parent=9638"}],"wp:term":[{"taxonomy":"category","embeddable":true,"href":"http:\/\/sintema.org.br\/sintema\/wp-json\/wp\/v2\/categories?post=9638"},{"taxonomy":"post_tag","embeddable":true,"href":"http:\/\/sintema.org.br\/sintema\/wp-json\/wp\/v2\/tags?post=9638"}],"curies":[{"name":"wp","href":"https:\/\/api.w.org\/{rel}","templated":true}]}}