{"id":9868,"date":"2018-06-05T12:41:36","date_gmt":"2018-06-05T12:41:36","guid":{"rendered":"http:\/\/sintema.org.br\/sintema\/?p=9868"},"modified":"2018-06-05T12:41:36","modified_gmt":"2018-06-05T12:41:36","slug":"sustentacao-da-ctb-depende-de-nos","status":"publish","type":"post","link":"http:\/\/sintema.org.br\/sintema\/sustentacao-da-ctb-depende-de-nos\/","title":{"rendered":"Sustenta\u00e7\u00e3o da CTB: depende de n\u00f3s!"},"content":{"rendered":"<p><a href=\"http:\/\/sintema.org.br\/sintema\/wp-content\/uploads\/2018\/06\/wagner-gomes.jpg\"><img loading=\"lazy\" class=\"alignnone  wp-image-9869\" src=\"http:\/\/sintema.org.br\/sintema\/wp-content\/uploads\/2018\/06\/wagner-gomes.jpg\" alt=\"\" height=\"214\" width=\"433\"><\/a><\/p>\n<p>O ataque brutal sofrido pelo movimento sindical brasileiro, p\u00f3s-golpe de 2016, n\u00e3o precisa mais de diagn\u00f3sticos. Os efeitos s\u00e3o sentidos por todos: a desestrutura\u00e7\u00e3o do sistema, redu\u00e7\u00e3o de atividades, demiss\u00f5es, etc. No entanto, tal qual um pugilista que se estabiliza depois de sofrer alguns golpes e ir \u00e0s cordas, j\u00e1 \u00e9 chegado o momento de recobrar os sentidos.<\/p>\n<p>A constru\u00e7\u00e3o da CTB foi resultado de uma necessidade hist\u00f3rica do movimento sindical classista, concretizada em 2007. No cen\u00e1rio nacional, a import\u00e2ncia das centrais sindicais \u00e9 incontest\u00e1vel, tem uma natureza singular, decorrente de sua amplitude de atua\u00e7\u00e3o. A Central dos Trabalhadores e Trabalhadoras do Brasil, consciente de sua relev\u00e2ncia neste contexto tornou-se, em pouco mais de dez anos, refer\u00eancia pol\u00edtica e de luta.<\/p>\n<p>Os classistas foram decisivos para erguer este projeto e agora &#8211;&nbsp; diante da adversidade \u2013 s\u00e3o igualmente decisivos para mant\u00ea-lo vivo e atuante.<\/p>\n<p>O exemplo, portanto, deve vir de casa. N\u00e3o h\u00e1 que se considerar, sequer dentro dos limites da razoabilidade, que entidades que fundaram a CTB n\u00e3o contribuam ou soneguem (e \u00e9 este mesmo o verbo a ser empregado) as mensalidades para com a Central. N\u00e3o \u00e9 admiss\u00edvel que entidades que tem representa\u00e7\u00e3o na Dire\u00e7\u00e3o Nacional da Central n\u00e3o cumpram suas obriga\u00e7\u00f5es financeiras, cabe registrar aqui a mod\u00e9stia do percentual de contribui\u00e7\u00e3o: 3%.&nbsp;<\/p>\n<p>O financiamento do projeto \u00e9 a contrapartida concreta da filia\u00e7\u00e3o. Os classistas s\u00e3o os respons\u00e1veis diretos pela sustenta\u00e7\u00e3o material da Central, qualquer atitude diferente desta reflete uma incompreens\u00e3o pol\u00edtica que j\u00e1 n\u00e3o mais deveria persistir dentre nossos quadros.<\/p>\n<p>A fragilidade de arrecada\u00e7\u00e3o \u00e9 tema recorrente desde a funda\u00e7\u00e3o da Central, mesmo quando havia a seguran\u00e7a da obrigatoriedade da contribui\u00e7\u00e3o sindical, a CTB sempre se debru\u00e7ou sobre este problema. Dado o protagonismo pol\u00edtico das centrais, a A\u00e7\u00e3o Direta de Inconstitucionalidade 4067, proposta pelo DEM, j\u00e1 pretendia em 2008 fazer o servi\u00e7o de asfixia financeira. Vale lembrar que, caso haja algum tipo de revers\u00e3o do quadro atual e a contribui\u00e7\u00e3o volte a ser obrigat\u00f3ria, esta ADI est\u00e1 pronta e liberada para vota\u00e7\u00e3o em plen\u00e1rio.&nbsp;&nbsp;&nbsp;&nbsp;<\/p>\n<p>N\u00e3o \u00e9 momento para hesita\u00e7\u00e3o, muito menos para o \u201csalve-se quem puder\u201d, a etapa agora exige um entendimento pol\u00edtico maior e mais ambicioso at\u00e9 mesmo do que foi necess\u00e1rio para a pr\u00f3pria funda\u00e7\u00e3o da Central. Superar esta incompreens\u00e3o interna \u00e9 condi\u00e7\u00e3o imprescind\u00edvel para continuidade do projeto CTB.<\/p>\n<p><strong>Wagner Gomes \u00e9 secret\u00e1rio-geral da CTB<\/strong><\/p>\n","protected":false},"excerpt":{"rendered":"<p>O ataque brutal sofrido pelo movimento sindical brasileiro, p\u00f3s-golpe de 2016, n\u00e3o precisa mais de diagn\u00f3sticos. Os efeitos s\u00e3o sentidos por todos: a desestrutura\u00e7\u00e3o do sistema, redu\u00e7\u00e3o de atividades, demiss\u00f5es, etc. No entanto, tal qual um pugilista que se estabiliza depois de sofrer alguns golpes e ir \u00e0s cordas, j\u00e1 \u00e9 chegado o momento de [&hellip;]<\/p>\n","protected":false},"author":2,"featured_media":0,"comment_status":"open","ping_status":"open","sticky":false,"template":"","format":"standard","meta":[],"categories":[5,18,13],"tags":[],"_links":{"self":[{"href":"http:\/\/sintema.org.br\/sintema\/wp-json\/wp\/v2\/posts\/9868"}],"collection":[{"href":"http:\/\/sintema.org.br\/sintema\/wp-json\/wp\/v2\/posts"}],"about":[{"href":"http:\/\/sintema.org.br\/sintema\/wp-json\/wp\/v2\/types\/post"}],"author":[{"embeddable":true,"href":"http:\/\/sintema.org.br\/sintema\/wp-json\/wp\/v2\/users\/2"}],"replies":[{"embeddable":true,"href":"http:\/\/sintema.org.br\/sintema\/wp-json\/wp\/v2\/comments?post=9868"}],"version-history":[{"count":1,"href":"http:\/\/sintema.org.br\/sintema\/wp-json\/wp\/v2\/posts\/9868\/revisions"}],"predecessor-version":[{"id":9870,"href":"http:\/\/sintema.org.br\/sintema\/wp-json\/wp\/v2\/posts\/9868\/revisions\/9870"}],"wp:attachment":[{"href":"http:\/\/sintema.org.br\/sintema\/wp-json\/wp\/v2\/media?parent=9868"}],"wp:term":[{"taxonomy":"category","embeddable":true,"href":"http:\/\/sintema.org.br\/sintema\/wp-json\/wp\/v2\/categories?post=9868"},{"taxonomy":"post_tag","embeddable":true,"href":"http:\/\/sintema.org.br\/sintema\/wp-json\/wp\/v2\/tags?post=9868"}],"curies":[{"name":"wp","href":"https:\/\/api.w.org\/{rel}","templated":true}]}}