{"id":10209,"date":"2018-12-11T18:08:35","date_gmt":"2018-12-11T18:08:35","guid":{"rendered":"http:\/\/sintema.org.br\/sintema\/?p=10209"},"modified":"2018-12-11T20:11:08","modified_gmt":"2018-12-11T20:11:08","slug":"colegiado-sintema-reconduz-diretores-aos-conselhos-superiores-da-ufma","status":"publish","type":"post","link":"https:\/\/sintema.org.br\/sintema\/colegiado-sintema-reconduz-diretores-aos-conselhos-superiores-da-ufma\/","title":{"rendered":"COLEGIADO | Sintema reconduz diretores aos conselhos superiores da UFMA"},"content":{"rendered":"<p>Os diretores sindicais Ademar Sena, Jorge Mendes, Gra\u00e7a Barros e Sandra Ferreira foram reconduzidos, pelo SINTEMA, como membros dos conselhos superiores da Universidade Federal do Maranh\u00e3o, para mandato de mais um ano. A indica\u00e7\u00e3o ocorreu ap\u00f3s notifica\u00e7\u00e3o sobre o t\u00e9rmino do mandato pela Secretaria dos Colegiados Superiores da UFMA.<\/p>\n<p><a href=\"http:\/\/sintema.org.br\/sintema\/wp-content\/uploads\/2018\/12\/dsc.jpg\"><img loading=\"lazy\" class=\"alignnone size-full wp-image-10211\" src=\"http:\/\/sintema.org.br\/sintema\/wp-content\/uploads\/2018\/12\/dsc.jpg\" alt=\"\" width=\"448\" height=\"336\" srcset=\"https:\/\/sintema.org.br\/sintema\/wp-content\/uploads\/2018\/12\/dsc.jpg 448w, https:\/\/sintema.org.br\/sintema\/wp-content\/uploads\/2018\/12\/dsc-300x225.jpg 300w\" sizes=\"(max-width: 448px) 100vw, 448px\" \/><\/a><\/p>\n<p>Os dirigentes Ademar Sena e Gra\u00e7a Barros voltar\u00e3o a compor o Conselho de Ensino Pesquisa e Extens\u00e3o da UFMA (CONSEPE); j\u00e1 os diretores Jorge Mendes e Sandra Ferreira, atuar\u00e3o novamente pelo Conselho de Administra\u00e7\u00e3o da universidade (CONSAD). Ambos participam das reuni\u00f5es e delibera\u00e7\u00f5es do Conselho Superior da Universidade (CONSUN).<\/p>\n<p>O CONSAD \u00e9 \u00f3rg\u00e3o deliberativo e consultivo em mat\u00e9rias administrativas da universidade; j\u00e1 o CONSEPE&nbsp;&nbsp;define prioridades da UFMA&nbsp;fixando normas complementares ao Regimento Interno da institui\u00e7\u00e3o&nbsp;nos campos do ensino, pesquisa e extens\u00e3o;&nbsp;aprova curr\u00edculos de cursos de educa\u00e7\u00e3o b\u00e1sica, sequenciais, de gradua\u00e7\u00e3o e p\u00f3s gradua\u00e7\u00e3o; aprova programas e projetos de ensino, pesquisa e extens\u00e3o, dentre outras compet\u00eancias.<\/p>\n<p>Ademar Sena tamb\u00e9m atua na C\u00e2mara de Gradua\u00e7\u00e3o da universidade.&nbsp;A C\u00e2mara de Ensino de Gradua\u00e7\u00e3o \u00e9 um dos \u00f3rg\u00e3os de assessoria e instru\u00e7\u00e3o dos processos ou das mat\u00e9rias que s\u00e3o submetidas \u00e0 aprecia\u00e7\u00e3o e delibera\u00e7\u00e3o do Conselho de Ensino Pesquisa e Extens\u00e3o (CONSEPE).<\/p>\n<p>Os conselheiros t\u00eam exercido um mandato em defesa dos interesses e direitos dos trabalhadores em educa\u00e7\u00e3o da UFMA, bem como da qualidade e melhoria no ensino, pesquisa e extens\u00e3o oferecidos pela universidade \u00e0 sociedade.<\/p>\n<p>&nbsp;<\/p>\n<p><em>Imprensa Sintema.<\/em><\/p>\n","protected":false},"excerpt":{"rendered":"<p>Os diretores sindicais Ademar Sena, Jorge Mendes, Gra\u00e7a Barros e Sandra Ferreira foram reconduzidos, pelo SINTEMA, como membros dos conselhos superiores da Universidade Federal do Maranh\u00e3o, para mandato de mais um ano. A indica\u00e7\u00e3o ocorreu ap\u00f3s notifica\u00e7\u00e3o sobre o t\u00e9rmino do mandato pela Secretaria dos Colegiados Superiores da UFMA. Os dirigentes Ademar Sena e Gra\u00e7a [&hellip;]<\/p>\n","protected":false},"author":2,"featured_media":0,"comment_status":"open","ping_status":"open","sticky":false,"template":"","format":"standard","meta":[],"categories":[5],"tags":[],"_links":{"self":[{"href":"https:\/\/sintema.org.br\/sintema\/wp-json\/wp\/v2\/posts\/10209"}],"collection":[{"href":"https:\/\/sintema.org.br\/sintema\/wp-json\/wp\/v2\/posts"}],"about":[{"href":"https:\/\/sintema.org.br\/sintema\/wp-json\/wp\/v2\/types\/post"}],"author":[{"embeddable":true,"href":"https:\/\/sintema.org.br\/sintema\/wp-json\/wp\/v2\/users\/2"}],"replies":[{"embeddable":true,"href":"https:\/\/sintema.org.br\/sintema\/wp-json\/wp\/v2\/comments?post=10209"}],"version-history":[{"count":4,"href":"https:\/\/sintema.org.br\/sintema\/wp-json\/wp\/v2\/posts\/10209\/revisions"}],"predecessor-version":[{"id":10214,"href":"https:\/\/sintema.org.br\/sintema\/wp-json\/wp\/v2\/posts\/10209\/revisions\/10214"}],"wp:attachment":[{"href":"https:\/\/sintema.org.br\/sintema\/wp-json\/wp\/v2\/media?parent=10209"}],"wp:term":[{"taxonomy":"category","embeddable":true,"href":"https:\/\/sintema.org.br\/sintema\/wp-json\/wp\/v2\/categories?post=10209"},{"taxonomy":"post_tag","embeddable":true,"href":"https:\/\/sintema.org.br\/sintema\/wp-json\/wp\/v2\/tags?post=10209"}],"curies":[{"name":"wp","href":"https:\/\/api.w.org\/{rel}","templated":true}]}}