{"id":11134,"date":"2020-05-18T18:21:19","date_gmt":"2020-05-18T18:21:19","guid":{"rendered":"http:\/\/sintema.org.br\/sintema\/?p=11134"},"modified":"2020-05-18T18:21:19","modified_gmt":"2020-05-18T18:21:19","slug":"atencao-campanha-de-vacinacao-contra-h1n1-e-retomada-em-sao-luis","status":"publish","type":"post","link":"https:\/\/sintema.org.br\/sintema\/atencao-campanha-de-vacinacao-contra-h1n1-e-retomada-em-sao-luis\/","title":{"rendered":"ATEN\u00c7\u00c3O | Campanha de Vacina\u00e7\u00e3o contra H1N1 \u00e9 retomada em S\u00e3o Lu\u00eds"},"content":{"rendered":"<p class=\"has-drop-cap\"><a href=\"http:\/\/sintema.org.br\/sintema\/wp-content\/uploads\/2020\/05\/VACINA.jpg\"><img loading=\"lazy\" class=\"alignnone  wp-image-11136\" src=\"http:\/\/sintema.org.br\/sintema\/wp-content\/uploads\/2020\/05\/VACINA.jpg\" alt=\"\" width=\"312\" height=\"208\"><\/a><\/p>\n<p class=\"has-drop-cap\">A Campanha de Vacina\u00e7\u00e3o contra a gripe influenza H1n1 foi retomada nesta segunda-feira, 18, em S\u00e3o Lu\u00eds. As vacinas est\u00e3o dispon\u00edveis em 43 unidades de sa\u00fade e quatro escolas da rede p\u00fablica.<\/p>\n<p>&nbsp;<\/p>\n<p>Para evitar a aglomera\u00e7\u00e3o de pessoas nos locais de vacina\u00e7\u00e3o, a imuniza\u00e7\u00e3o ser\u00e1 realizada em dias e hor\u00e1rios diferentes, por ordem alfab\u00e9tica \u2013 levando em considera\u00e7\u00e3o a primeira letra do nome. Nesta nova fase da campanha o p\u00fablico-alvo foi dividido em dois grupos. O primeiro vacina no per\u00edodo de 18 de maio a 05 de junho e o segundo de 08 a 26 de junho.<\/p>\n<p>&nbsp;<\/p>\n<p><strong>PER\u00cdODO DE 18 A 05 DE JUNHO &#8211;&nbsp;<\/strong>O p\u00fablico-alvo da campanha no per\u00edodo de 18 a 05 de junho s\u00e3o crian\u00e7as de 6 meses a 5 anos de idade, gestantes, pu\u00e9rperas (mulheres que deram \u00e0 luz h\u00e1 pouco tempo) de at\u00e9 45 dias, adultos de 55 anos a 59 anos, professores das escolas p\u00fablicas e privadas (mediante apresenta\u00e7\u00e3o de crach\u00e1 funcional, carteira de sindicado ou declara\u00e7\u00e3o); e pessoas com doen\u00e7as cr\u00f4nicas n\u00e3o transmiss\u00edveis e outras condi\u00e7\u00f5es cl\u00ednicas especiais (mediante comprova\u00e7\u00e3o por meio de receita de medica\u00e7\u00e3o de uso continuo ou relat\u00f3rio m\u00e9dico).&nbsp;<\/p>\n<p>&nbsp;<\/p>\n<p><strong>ORDEM ALFAB\u00c9TICA &#8211;&nbsp;<\/strong>Seguindo a programa\u00e7\u00e3o, nos dias 18 e 19 de maio ser\u00e3o vacinadas as pessoas cujo primeiro nome comecem pelas letras A, B e C; nos dias 20 e 21 ser\u00e3o as letras D, E e F; nos dias 22 a 25 de maio ser\u00e3o as letras G, H e I; nos dias 26 e 27 ser\u00e3o as letras J, K e L; nos dias 28 e 29 as letras M, N e O; no dia 1\u00ba e 2 de junho as letras P,Q e R; no dia 3 e 4 de junho as letras S, T, U e V; e no dia 5 de junho as letras W, X, Y e Z.<\/p>\n<p>&nbsp;<\/p>\n<p><strong>HOR\u00c1RIOS &#8211;&nbsp;&nbsp;<\/strong>Seguindo a ordem alfab\u00e9tica, no per\u00edodo da manh\u00e3, das 8h \u00e0s 12h, os locais de vacina\u00e7\u00e3o devem atender crian\u00e7as de 6 meses a 5 anos de idade, gestantes e pu\u00e9rperas at\u00e9 45 dias.<\/p>\n<p>&nbsp;<\/p>\n<p>No turno vespertino, das 13h \u00e0s 17h, ser\u00e3o atendidos pessoas com doen\u00e7as cr\u00f4nicas, adultos de 55 a 59 anos e professores das escolas p\u00fablicas e privadas.<\/p>\n<p>&nbsp;<\/p>\n<p><strong>PER\u00cdODO DE 08 DE JUNHO A 26 DE JUNHO &#8211;&nbsp;<\/strong>No per\u00edodo de 08 a 26 de junho podem vacinar profissionais das for\u00e7as de seguran\u00e7a e salvamento; caminhoneiros; profissionais de transporte coletivo (motorista e cobrador;&nbsp; portu\u00e1rios e pessoas com defici\u00eancia f\u00edsica, auditiva, visual, intelectual e defici\u00eancia m\u00faltipla.&nbsp;<\/p>\n<p>&nbsp;<\/p>\n<p>Os retardat\u00e1rios, pessoas dos grupos anteriores que n\u00e3o se vacinaram durante sua fase de campanha, tamb\u00e9m poder\u00e3o buscar um dos locais de vacina seguindo tamb\u00e9m a ordem alfab\u00e9tica e turno estipulado na data compreendida entre 08 a 26 de junho.&nbsp;<\/p>\n<p>&nbsp;<\/p>\n<p><strong>LOCAIS DE VACINA\u00c7\u00c3O<\/strong><\/p>\n<p><strong>UNIDADES DE SA\u00daDE (de segunda a sexta-feira das 8h \u00e0s 17h)<\/strong><\/p>\n<p>&nbsp;<strong>1. Centro de Sa\u00fade Dr. Paulo Ramos \u2013<\/strong>&nbsp;Rua do Passeio, 236 \u2013 Centro<\/p>\n<p><strong>&nbsp;2. C.S Bezerra de Menezes \u2013&nbsp;<\/strong>Rua 2, S\/N \u2013 S\u00e3o Francisco<\/p>\n<p>&nbsp;<strong>3. CTA Lira (atendimento espec\u00edfico)<\/strong>&nbsp;\u2013 Pra\u00e7a S\u00e3o Roque Lira, S\/N \u2013 Lira<\/p>\n<p>&nbsp;<strong>4. Materno Infantil \u2013&nbsp;<\/strong>CRIE (atendimento espec\u00edfico) \u2013 R. Silva Jardim, s\/n \u2013 Centro<\/p>\n<p>&nbsp;<strong>5. C. S. Clodomir P. Costa<\/strong>&nbsp;\u2013 &nbsp;Av. Odilo Costa Filho, S\/N \u2013 Anjo da Guarda<\/p>\n<p>&nbsp;<strong>6. C. S. Valdecy Eleoteria Martins (Para\u00edso)<\/strong>&nbsp;\u2013 Av. Sarney Filho \u2013 Vila Embratel<\/p>\n<p>&nbsp;<strong>7. C. S Yves Parga&nbsp;<\/strong>\u2013 BR 135, S\/n \u2013 Vila Maranh\u00e3o<\/p>\n<p><strong>&nbsp;8. C.S. Vila Nova \u2013<\/strong>&nbsp;Pra\u00e7a Raimundo de Sousa Gomes, S\/N \u2013 Vila Nova<\/p>\n<p>&nbsp;<strong>9. &nbsp;Hospital Aquiles Lisboa<\/strong>&nbsp;\u2013 R. Jos\u00e9 Sarney, s\/n \u2013 Bonfim<\/p>\n<p>&nbsp;<strong>10. C.S. da Vila Embratel<\/strong>&nbsp;\u2013 Rua 14 S\/N \u2013 Vila Embratel<\/p>\n<p>&nbsp;<strong>11. C.S. do Gapara&nbsp;<\/strong>\u2013 Rua Projetada S\/N Gapara<\/p>\n<p>&nbsp;<strong>12. C.S Bairro de F\u00e1tima&nbsp;<\/strong>&nbsp;\u2013 Rua Ademar de Barros, S\/N \u2013 Bairro de F\u00e1tima<\/p>\n<p>&nbsp;<strong>13. U.M Coroadinho&nbsp;<\/strong>&nbsp;\u2013 Rua da Vit\u00f3ria, S\/N \u2013 Coroadinho&nbsp;<\/p>\n<p>&nbsp;<strong>14. C.S. Dr. Ant\u00f4nio Guanar\u00e9&nbsp;<\/strong>\u2013 Rua da Vitoria \u2013 Coroadinho<\/p>\n<p>&nbsp;<strong>15. U.M. Bequim\u00e3o \u2013<\/strong>&nbsp;Av. do Contorno s\/n Bequim\u00e3o<\/p>\n<p>&nbsp;<strong>16. C.S. Amar&nbsp;<\/strong>\u2013 Rua Deputado Lu\u00eds Rocha, S\/N \u2013 Vicente Fialho<\/p>\n<p>&nbsp;<strong>17. C.S. Radional&nbsp;<\/strong>\u2013 Rua G, S\/N \u2013 Radional<\/p>\n<p>&nbsp;<strong>18. C.S. Vila Lob\u00e3o<\/strong>&nbsp;\u2013 Estrada da Vit\u00f3ria, N\u00ba 8 \u2013 Vila Lob\u00e3o<\/p>\n<p>&nbsp;<strong>19. C.S. Jo\u00e3o de Deus \u2013<\/strong>&nbsp;Rua Gard\u00eania Ribeiro Gon\u00e7alves, S\/N \u2013 Jo\u00e3o de Deus<\/p>\n<p>&nbsp;<strong>20. U.M. S\u00e3o Bernardo&nbsp;<\/strong>\u2013 Rua S\u00e3o Benedito, N\u00ba 185 \u2013 S\u00e3o Bernardo<\/p>\n<p>&nbsp;<strong>21. C.S Santa B\u00e1rbara&nbsp;<\/strong>\u2013 Rua principal, N\u00ba 180 \u2013 Santa B\u00e1rbara<\/p>\n<p>&nbsp;<strong>22. PS Coquilho<\/strong>&nbsp;\u2013 Avenida Principal 10 A, 10 \u2013 Vila Coquilho<\/p>\n<p>&nbsp;<strong>23. C.S. Dr\u00aa Nazar\u00e9 Neiva<\/strong>&nbsp;\u2013 Rua 15, N\u00ba 01 \u2013 S\u00e3o Raimundo<\/p>\n<p>&nbsp;<strong>24. USF Maria Ayrecila II<\/strong>&nbsp;\u2013 Rua 16, Qd 82, Bloco C, S\/N \u2013 Cidade Ol\u00edmpica<\/p>\n<p>&nbsp;<strong>25. USF JaIlson Alves III<\/strong>&nbsp;\u2013 Rua 7, Qd 83, Casa 1 \u2013 Cidade Ol\u00edmpica<\/p>\n<p>&nbsp;<strong>26. USF Santa Clara<\/strong>&nbsp;\u2013 Rua Lucy Sarney, S\/N \u2013 Santa Clara<\/p>\n<p>&nbsp;<strong>27. USF Santa Efig\u00eania<\/strong>&nbsp;\u2013 Rua Tancredo Neves, S\/N \u2013 Santa Efig\u00eania<\/p>\n<p>&nbsp;<strong>28. USF Pirapora<\/strong>&nbsp;\u2013 Rua 3, Qd B, S\/N \u2013 Parque Sirl\u00e2ndia\/ Tirirical<\/p>\n<p>&nbsp;<strong>29. C.S. Vila JanaIna&nbsp;<\/strong>\u2013 R. da Saudade, 148 \u2013 Cidade Oper\u00e1ria<\/p>\n<p>&nbsp;<strong>30. UBS Dr. Expedito Alves de Melo<\/strong>&nbsp;\u2013 Av: 4, Qd 36, Casa 11 \u2013 Cidade Ol\u00edmpica<\/p>\n<p>&nbsp;<strong>31. C.S Cohab<\/strong>&nbsp;\u2013 Anil \u2013 Rua 04, S\/N \u2013 IV Conj. Cohab \u2013 Anil&nbsp;<\/p>\n<p>&nbsp;<strong>32. C.S Salom\u00e3o Fiquene<\/strong>&nbsp;\u2013 Av. Leste Oeste, S\/N \u2013 Cohatrac<\/p>\n<p>&nbsp;<strong>33. C.S Djalma Marques<\/strong>&nbsp;\u2013 Av. Celso Coutinho, S\/N \u2013 Ipem Turu<\/p>\n<p>&nbsp;<strong>34. CTA Anil (atendimento especifico)<\/strong>&nbsp;\u2013 Av. S\u00e3o Sebasti\u00e3o, S\/N \u2013 Anil<\/p>\n<p><strong>35. C.S. Itapera<\/strong>&nbsp;\u2013 Rua Principal, N\u00ba 31 \u2013 Itapera<\/p>\n<p>&nbsp;<strong>36. C.S. Quebra Pote<\/strong>&nbsp;\u2013 Pra\u00e7a do Cemit\u00e9rio, S\/N \u2013 Quebra Pote<\/p>\n<p>&nbsp;<strong>37. C.S. Pedrinhas I<\/strong>&nbsp;\u2013 BR 135, Km 12, N\u00ba 26 \u2013 Pedrinhas<\/p>\n<p>&nbsp;<strong>38. C.S. Pedrinhas II<\/strong>&nbsp;\u2013 Rua da Uni\u00e3o, S\/N \u2013 Pedrinhas<\/p>\n<p>&nbsp;<strong>39. C.S. Tibiri<\/strong>&nbsp;\u2013 Rua Santo Antonio, S\/N \u2013 Tibiri<\/p>\n<p>&nbsp;<strong>40. C.S. Maracan\u00e3&nbsp;<\/strong>\u2013 Estrada da Vit\u00f3ria, S\/N \u2013 Maracan\u00e3<\/p>\n<p>&nbsp;<strong>41. USF Coqueiro<\/strong>&nbsp;\u2013 Rua da Vit\u00f3ria, S\/N \u2013 Coqueiro<\/p>\n<p>&nbsp;<strong>42. C.S. M\u00aa de Lourdes Rodrigues (Rio Grande)&nbsp;<\/strong>\u2013 Rua Bom Jardim, 385- Rio Grande<\/p>\n<p>&nbsp;<strong>43. C.S Vila Itamar<\/strong>&nbsp;\u2013 &nbsp;Rua do Fio, S\/N \u2013 Vila Itamar&nbsp;<\/p>\n<p><strong>ESCOLAS (de segunda a sexta-feira, das 8h \u00e0s 17h)<\/strong><\/p>\n<p><strong>1. UEB Ros\u00e1lia Freire &nbsp;\u2013 &nbsp;<\/strong>Avenida dos Portugueses, Vila Isabel<\/p>\n<p>&nbsp;<strong>2. Escola Militar Tiradentes<\/strong>&nbsp;\u2013 &nbsp;Rua Gabriela Mistral, Vila Palmeira<\/p>\n<p>&nbsp;<strong>3. C.E Nascimento de Moraes<\/strong>&nbsp;&nbsp;\u2013 Avenida 3, Vinhais<\/p>\n<p>&nbsp;<strong>4. UEB Felipe Conduru<\/strong>&nbsp;&nbsp;\u2013 Avenida Guajajaras, 115<\/p>\n<p>&nbsp;<\/p>\n<p><em>Com informa\u00e7\u00f5es da SEMUS.<\/em><\/p>\n","protected":false},"excerpt":{"rendered":"<p>A Campanha de Vacina\u00e7\u00e3o contra a gripe influenza H1n1 foi retomada nesta segunda-feira, 18, em S\u00e3o Lu\u00eds. As vacinas est\u00e3o dispon\u00edveis em 43 unidades de sa\u00fade e quatro escolas da rede p\u00fablica. &nbsp; Para evitar a aglomera\u00e7\u00e3o de pessoas nos locais de vacina\u00e7\u00e3o, a imuniza\u00e7\u00e3o ser\u00e1 realizada em dias e hor\u00e1rios diferentes, por ordem alfab\u00e9tica [&hellip;]<\/p>\n","protected":false},"author":2,"featured_media":0,"comment_status":"open","ping_status":"open","sticky":false,"template":"","format":"standard","meta":[],"categories":[5],"tags":[],"_links":{"self":[{"href":"https:\/\/sintema.org.br\/sintema\/wp-json\/wp\/v2\/posts\/11134"}],"collection":[{"href":"https:\/\/sintema.org.br\/sintema\/wp-json\/wp\/v2\/posts"}],"about":[{"href":"https:\/\/sintema.org.br\/sintema\/wp-json\/wp\/v2\/types\/post"}],"author":[{"embeddable":true,"href":"https:\/\/sintema.org.br\/sintema\/wp-json\/wp\/v2\/users\/2"}],"replies":[{"embeddable":true,"href":"https:\/\/sintema.org.br\/sintema\/wp-json\/wp\/v2\/comments?post=11134"}],"version-history":[{"count":1,"href":"https:\/\/sintema.org.br\/sintema\/wp-json\/wp\/v2\/posts\/11134\/revisions"}],"predecessor-version":[{"id":11137,"href":"https:\/\/sintema.org.br\/sintema\/wp-json\/wp\/v2\/posts\/11134\/revisions\/11137"}],"wp:attachment":[{"href":"https:\/\/sintema.org.br\/sintema\/wp-json\/wp\/v2\/media?parent=11134"}],"wp:term":[{"taxonomy":"category","embeddable":true,"href":"https:\/\/sintema.org.br\/sintema\/wp-json\/wp\/v2\/categories?post=11134"},{"taxonomy":"post_tag","embeddable":true,"href":"https:\/\/sintema.org.br\/sintema\/wp-json\/wp\/v2\/tags?post=11134"}],"curies":[{"name":"wp","href":"https:\/\/api.w.org\/{rel}","templated":true}]}}