{"id":11291,"date":"2020-08-25T00:44:25","date_gmt":"2020-08-25T00:44:25","guid":{"rendered":"http:\/\/sintema.org.br\/sintema\/?p=11291"},"modified":"2020-08-25T00:44:25","modified_gmt":"2020-08-25T00:44:25","slug":"comunicado-servidores-devem-comprovar-despesas-com-verba-de-auxilio-saude-2","status":"publish","type":"post","link":"https:\/\/sintema.org.br\/sintema\/comunicado-servidores-devem-comprovar-despesas-com-verba-de-auxilio-saude-2\/","title":{"rendered":"COMUNICADO | SERVIDORES DEVEM COMPROVAR DESPESAS COM VERBA DE AUX\u00cdLIO-SA\u00daDE"},"content":{"rendered":"<p><a href=\"http:\/\/sintema.org.br\/sintema\/wp-content\/uploads\/2012\/10\/geap-saude.jpg\"><img loading=\"lazy\" class=\"alignnone  wp-image-2956\" src=\"http:\/\/sintema.org.br\/sintema\/wp-content\/uploads\/2012\/10\/geap-saude.jpg\" alt=\"\" width=\"344\" height=\"272\" srcset=\"https:\/\/sintema.org.br\/sintema\/wp-content\/uploads\/2012\/10\/geap-saude.jpg 379w, https:\/\/sintema.org.br\/sintema\/wp-content\/uploads\/2012\/10\/geap-saude-300x237.jpg 300w\" sizes=\"(max-width: 344px) 100vw, 344px\" \/><\/a><\/p>\n<p>A UFMA est\u00e1 convocando servidores da ativa, aposentados e pensionistas que receberam, em 2019, ressarcimento per capita a t\u00edtulo de aux\u00edlio-sa\u00fade, para apresenta\u00e7\u00e3o de documenta\u00e7\u00e3o comprobat\u00f3ria das despesas relativas ao Plano de Sa\u00fade individual e de dependente, at\u00e9 o pr\u00f3ximo dia 31 de Agosto, remetendo todos os documentos comprobat\u00f3rios para o email ressarcimento@ufma.br com assunto &#8220;Comprova\u00e7\u00e3o anual Exerc\u00edcio 2019&#8221;. O prazo n\u00e3o ser\u00e1 prorrogado.<\/p>\n<p>Os servidores que j\u00e1 apresentaram, n\u00e3o precisam remeter os documentos novamente.<\/p>\n<p>&nbsp;<\/p>\n<p>O lan\u00e7amento, no contracheque, se d\u00e1 com o nome:&nbsp;Rendimento 82737 PER CAPITA \u2013 SA\u00daDE SUPLEMENTAR.<\/p>\n<p>&nbsp;<\/p>\n<p>Servidores (ativos e aposentados) e os benefici\u00e1rios de pens\u00e3o civil (pensionistas) e os seus dependentes, vinculados ao Plano de Sa\u00fade GEAP, EST\u00c3O DESOBRIGADOS da apresenta\u00e7\u00e3o dos comprovantes, uma vez que essas despesas s\u00e3o lan\u00e7adas diretamente no contracheque. &nbsp;<\/p>\n<p>&nbsp;<\/p>\n<p><a href=\"http:\/\/sintema.org.br\/sintema\/wp-content\/uploads\/2020\/08\/Edital-Convoca\u00e7\u00e3o-03.2020.pdf\">Acesse o comunicado expedido pela universidade, clicando AQUI.<\/a><\/p>\n<p>&nbsp;<\/p>\n<p>Fonte: UFMA.<\/p>\n","protected":false},"excerpt":{"rendered":"<p>A UFMA est\u00e1 convocando servidores da ativa, aposentados e pensionistas que receberam, em 2019, ressarcimento per capita a t\u00edtulo de aux\u00edlio-sa\u00fade, para apresenta\u00e7\u00e3o de documenta\u00e7\u00e3o comprobat\u00f3ria das despesas relativas ao Plano de Sa\u00fade individual e de dependente, at\u00e9 o pr\u00f3ximo dia 31 de Agosto, remetendo todos os documentos comprobat\u00f3rios para o email ressarcimento@ufma.br com assunto [&hellip;]<\/p>\n","protected":false},"author":2,"featured_media":0,"comment_status":"open","ping_status":"open","sticky":false,"template":"","format":"standard","meta":[],"categories":[5],"tags":[],"_links":{"self":[{"href":"https:\/\/sintema.org.br\/sintema\/wp-json\/wp\/v2\/posts\/11291"}],"collection":[{"href":"https:\/\/sintema.org.br\/sintema\/wp-json\/wp\/v2\/posts"}],"about":[{"href":"https:\/\/sintema.org.br\/sintema\/wp-json\/wp\/v2\/types\/post"}],"author":[{"embeddable":true,"href":"https:\/\/sintema.org.br\/sintema\/wp-json\/wp\/v2\/users\/2"}],"replies":[{"embeddable":true,"href":"https:\/\/sintema.org.br\/sintema\/wp-json\/wp\/v2\/comments?post=11291"}],"version-history":[{"count":1,"href":"https:\/\/sintema.org.br\/sintema\/wp-json\/wp\/v2\/posts\/11291\/revisions"}],"predecessor-version":[{"id":11293,"href":"https:\/\/sintema.org.br\/sintema\/wp-json\/wp\/v2\/posts\/11291\/revisions\/11293"}],"wp:attachment":[{"href":"https:\/\/sintema.org.br\/sintema\/wp-json\/wp\/v2\/media?parent=11291"}],"wp:term":[{"taxonomy":"category","embeddable":true,"href":"https:\/\/sintema.org.br\/sintema\/wp-json\/wp\/v2\/categories?post=11291"},{"taxonomy":"post_tag","embeddable":true,"href":"https:\/\/sintema.org.br\/sintema\/wp-json\/wp\/v2\/tags?post=11291"}],"curies":[{"name":"wp","href":"https:\/\/api.w.org\/{rel}","templated":true}]}}