{"id":11422,"date":"2021-01-07T14:59:58","date_gmt":"2021-01-07T14:59:58","guid":{"rendered":"http:\/\/sintema.org.br\/sintema\/?p=11422"},"modified":"2021-01-07T14:59:58","modified_gmt":"2021-01-07T14:59:58","slug":"centrais-sindicais-defendem-vacina-ja-e-auxilio-emergencial-durante-2021","status":"publish","type":"post","link":"https:\/\/sintema.org.br\/sintema\/centrais-sindicais-defendem-vacina-ja-e-auxilio-emergencial-durante-2021\/","title":{"rendered":"Centrais Sindicais defendem vacina j\u00e1 e Aux\u00edlio Emergencial durante 2021"},"content":{"rendered":"<p><a href=\"http:\/\/sintema.org.br\/sintema\/wp-content\/uploads\/2021\/01\/nota-centrais-sindicais-1280x720-1-700x387-1.jpg\"><img loading=\"lazy\" class=\"alignnone  wp-image-11423\" src=\"http:\/\/sintema.org.br\/sintema\/wp-content\/uploads\/2021\/01\/nota-centrais-sindicais-1280x720-1-700x387-1.jpg\" alt=\"\" width=\"480\" height=\"232\" srcset=\"https:\/\/sintema.org.br\/sintema\/wp-content\/uploads\/2021\/01\/nota-centrais-sindicais-1280x720-1-700x387-1.jpg 685w, https:\/\/sintema.org.br\/sintema\/wp-content\/uploads\/2021\/01\/nota-centrais-sindicais-1280x720-1-700x387-1-300x145.jpg 300w\" sizes=\"(max-width: 480px) 100vw, 480px\" \/><\/a><\/p>\n<p>O ano de 2020 foi marcado por profundas adversidades para toda a sociedade, mas, principalmente, aos mais pobres. N\u00e3o bastasse um governo federal descomprometido com as causas sociais e trabalhistas, a pandemia do novo Coronav\u00edrus tornou a situa\u00e7\u00e3o ainda mais dram\u00e1tica.<\/p>\n<p>A descoordena\u00e7\u00e3o das pol\u00edticas p\u00fablicas \u2013 definidas pelo absoluto descaso \u00e0s medidas protetivas; pelos ataques \u00e0s pol\u00edticas sanit\u00e1rias respons\u00e1veis de governadores e prefeitos; pelos recorrentes e espantosos deboches do presidente com a crise; e pela irresponsabilidade com a situa\u00e7\u00e3o econ\u00f4mica e com a gera\u00e7\u00e3o de empregos \u2013 levou o Pa\u00eds \u00e0 segunda posi\u00e7\u00e3o em n\u00famero de mortos no mundo, \u00e0 taxa recorde de 14% de desemprego e \u00e0 crescente alta dos alimentos.<\/p>\n<p>Na contram\u00e3o da onda negacionista que contaminou o Planalto, as Centrais e suas entidades de base atuaram intensamente pra refor\u00e7ar entre os trabalhadores as medidas de prote\u00e7\u00e3o sanit\u00e1ria, colocaram sua estrutura \u00e0 disposi\u00e7\u00e3o dos governos locais pra uso pela sa\u00fade p\u00fablica, mobilizaram campanhas de solidariedade e, sobretudo, lutaram pra amenizar o peso da crise econ\u00f4mica sobre os trabalhadores.<\/p>\n<p>Em interlocu\u00e7\u00e3o cont\u00ednua com o Congresso, partidos, entidades, organiza\u00e7\u00f5es e movimentos sociais, propusemos as bases atrav\u00e9s das quais foi elaborado o Programa Emergencial de Manuten\u00e7\u00e3o do Emprego e da Renda, com o aux\u00edlio de R$\u2002600,00 mensais. Este foi o ponto-chave da economia em 2020, que evitou que o Pa\u00eds implodisse na calamidade projetada pelo desgoverno.<\/p>\n<p>Para o ano de 2021, com o poss\u00edvel fim do pacote emergencial e do Aux\u00edlio, mesmo com a continuidade da pandemia, a previs\u00e3o \u00e9 sombria.<\/p>\n<p>Mas, assim como de forma surpreendente a cat\u00e1strofe p\u00f4de ser amenizada e, em alguns aspectos, controlada, se medidas corretas forem adotadas, acreditamos que ser\u00e1 poss\u00edvel fazer de 2021 um ano de supera\u00e7\u00e3o.<\/p>\n<p>Duas medidas s\u00e3o urgentes para superar a fase cr\u00edtica. S\u00e3o elas: 1 \u2013 realizar rapidamente uma campanha nacional de vacina\u00e7\u00e3o, mantendo, ao longo do processo, as medidas sanit\u00e1rias indicadas pela OMS; e 2 \u2013 renovar o aux\u00edlio emergencial at\u00e9 o controle da pandemia. N\u00e3o faz sentido abolir esse recurso, uma vez que o v\u00edrus ainda amea\u00e7a a popula\u00e7\u00e3o. Mais do que isso, o governo precisa aperfei\u00e7oar e ampliar a pol\u00edtica de prote\u00e7\u00e3o de renda do Bolsa-Fam\u00edlia, articulada \u00e0s demais pol\u00edticas de prote\u00e7\u00e3o social de que o pa\u00eds j\u00e1 disp\u00f5e.<\/p>\n<p>Atravessada essa fase, a Na\u00e7\u00e3o brasileira precisa centrar for\u00e7as no debate sobre a formula\u00e7\u00e3o de um projeto nacional de desenvolvimento, com padr\u00e3o adequado de investimento p\u00fablico e privado, gera\u00e7\u00e3o de empregos de qualidade, manuten\u00e7\u00e3o e amplia\u00e7\u00e3o dos direitos sociais e trabalhistas e valoriza\u00e7\u00e3o dos sal\u00e1rios.<\/p>\n<p>Para tanto, consideramos essencial reconhecer o sistema sindical, fortalecendo o poder das negocia\u00e7\u00f5es coletivas realizadas por entidades altamente representativas e capazes de dar solu\u00e7\u00e3o \u00e1gil aos conflitos e, assim, valorizar os trabalhadores e suas fam\u00edlias.<\/p>\n<p>As Centrais compreendem que dever\u00e3o atuar para a mobiliza\u00e7\u00e3o dos trabalhadores em torno de projetos sociais para avan\u00e7ar em lutas orientadas pela solidariedade, justi\u00e7a e liberdade.<\/p>\n<p><strong>Que venha 2021. Vamos \u00e0 luta!<\/strong><\/p>\n<p>S\u00e9rgio Nobre, Presidente da CUT;<br \/>\nMiguel Torres, Presidente da For\u00e7a Sindical;<br \/>\nRicardo Patah, Presidente da UGT;<br \/>\nAdilson Ara\u00fajo, Presidente da CTB;<br \/>\nJos\u00e9 Calixto Ramos, Presidente da NCST;<br \/>\nAntonio Neto, Presidente da CSB.<\/p>\n<p>&nbsp;<\/p>\n<p><strong><em>Fonte: Portal CTB.<\/em><\/strong><\/p>\n","protected":false},"excerpt":{"rendered":"<p>O ano de 2020 foi marcado por profundas adversidades para toda a sociedade, mas, principalmente, aos mais pobres. N\u00e3o bastasse um governo federal descomprometido com as causas sociais e trabalhistas, a pandemia do novo Coronav\u00edrus tornou a situa\u00e7\u00e3o ainda mais dram\u00e1tica. A descoordena\u00e7\u00e3o das pol\u00edticas p\u00fablicas \u2013 definidas pelo absoluto descaso \u00e0s medidas protetivas; pelos [&hellip;]<\/p>\n","protected":false},"author":2,"featured_media":0,"comment_status":"open","ping_status":"open","sticky":false,"template":"","format":"standard","meta":[],"categories":[5,18],"tags":[],"_links":{"self":[{"href":"https:\/\/sintema.org.br\/sintema\/wp-json\/wp\/v2\/posts\/11422"}],"collection":[{"href":"https:\/\/sintema.org.br\/sintema\/wp-json\/wp\/v2\/posts"}],"about":[{"href":"https:\/\/sintema.org.br\/sintema\/wp-json\/wp\/v2\/types\/post"}],"author":[{"embeddable":true,"href":"https:\/\/sintema.org.br\/sintema\/wp-json\/wp\/v2\/users\/2"}],"replies":[{"embeddable":true,"href":"https:\/\/sintema.org.br\/sintema\/wp-json\/wp\/v2\/comments?post=11422"}],"version-history":[{"count":1,"href":"https:\/\/sintema.org.br\/sintema\/wp-json\/wp\/v2\/posts\/11422\/revisions"}],"predecessor-version":[{"id":11424,"href":"https:\/\/sintema.org.br\/sintema\/wp-json\/wp\/v2\/posts\/11422\/revisions\/11424"}],"wp:attachment":[{"href":"https:\/\/sintema.org.br\/sintema\/wp-json\/wp\/v2\/media?parent=11422"}],"wp:term":[{"taxonomy":"category","embeddable":true,"href":"https:\/\/sintema.org.br\/sintema\/wp-json\/wp\/v2\/categories?post=11422"},{"taxonomy":"post_tag","embeddable":true,"href":"https:\/\/sintema.org.br\/sintema\/wp-json\/wp\/v2\/tags?post=11422"}],"curies":[{"name":"wp","href":"https:\/\/api.w.org\/{rel}","templated":true}]}}