{"id":11527,"date":"2021-04-22T12:18:28","date_gmt":"2021-04-22T12:18:28","guid":{"rendered":"http:\/\/sintema.org.br\/sintema\/?p=11527"},"modified":"2021-04-22T12:25:23","modified_gmt":"2021-04-22T12:25:23","slug":"pesar-sintema-comunica-falecimento-cesar-augusto-viegas-guimaraes","status":"publish","type":"post","link":"https:\/\/sintema.org.br\/sintema\/pesar-sintema-comunica-falecimento-cesar-augusto-viegas-guimaraes\/","title":{"rendered":"PESAR | Sintema comunica falecimento Cesar Augusto Viegas Guimar\u00e3es"},"content":{"rendered":"<p><a href=\"http:\/\/sintema.org.br\/sintema\/wp-content\/uploads\/2021\/04\/WhatsApp-Image-2021-04-21-at-21.43.31.jpeg\"><img loading=\"lazy\" class=\"alignnone wp-image-11528\" src=\"http:\/\/sintema.org.br\/sintema\/wp-content\/uploads\/2021\/04\/WhatsApp-Image-2021-04-21-at-21.43.31-1024x1008.jpeg\" alt=\"\" width=\"404\" height=\"398\" srcset=\"https:\/\/sintema.org.br\/sintema\/wp-content\/uploads\/2021\/04\/WhatsApp-Image-2021-04-21-at-21.43.31-1024x1008.jpeg 1024w, https:\/\/sintema.org.br\/sintema\/wp-content\/uploads\/2021\/04\/WhatsApp-Image-2021-04-21-at-21.43.31-300x295.jpeg 300w, https:\/\/sintema.org.br\/sintema\/wp-content\/uploads\/2021\/04\/WhatsApp-Image-2021-04-21-at-21.43.31-768x756.jpeg 768w, https:\/\/sintema.org.br\/sintema\/wp-content\/uploads\/2021\/04\/WhatsApp-Image-2021-04-21-at-21.43.31.jpeg 1074w\" sizes=\"(max-width: 404px) 100vw, 404px\" \/><\/a><\/p>\n<p>&nbsp;<\/p>\n<p>\u00c9 com imenso pesar que a diretoria do Sintema comunica a toda categoria o falecimento do&nbsp;associado<strong>&nbsp;CESAR AUGUSTO VIEGAS GUIMARAES <\/strong>\u2013 ocorrido&nbsp;nesta quarta-feira, dia&nbsp;21 de&nbsp;abril de 2021. Cesar Viegas era lotado no Departamento de Morfologia da UFMA.&nbsp;<\/p>\n<p>&nbsp;<\/p>\n<p>Toda a Dire\u00e7\u00e3o do Sindicato lamenta e se solidariza com a fam\u00edlia, enlutada neste momento de dor.<\/p>\n<p>\u2014<\/p>\n<p><em>Imprensa Sintema<\/em><\/p>\n","protected":false},"excerpt":{"rendered":"<p>&nbsp; \u00c9 com imenso pesar que a diretoria do Sintema comunica a toda categoria o falecimento do&nbsp;associado&nbsp;CESAR AUGUSTO VIEGAS GUIMARAES \u2013 ocorrido&nbsp;nesta quarta-feira, dia&nbsp;21 de&nbsp;abril de 2021. Cesar Viegas era lotado no Departamento de Morfologia da UFMA.&nbsp; &nbsp; Toda a Dire\u00e7\u00e3o do Sindicato lamenta e se solidariza com a fam\u00edlia, enlutada neste momento de dor. [&hellip;]<\/p>\n","protected":false},"author":2,"featured_media":0,"comment_status":"open","ping_status":"open","sticky":false,"template":"","format":"standard","meta":[],"categories":[5,8],"tags":[],"_links":{"self":[{"href":"https:\/\/sintema.org.br\/sintema\/wp-json\/wp\/v2\/posts\/11527"}],"collection":[{"href":"https:\/\/sintema.org.br\/sintema\/wp-json\/wp\/v2\/posts"}],"about":[{"href":"https:\/\/sintema.org.br\/sintema\/wp-json\/wp\/v2\/types\/post"}],"author":[{"embeddable":true,"href":"https:\/\/sintema.org.br\/sintema\/wp-json\/wp\/v2\/users\/2"}],"replies":[{"embeddable":true,"href":"https:\/\/sintema.org.br\/sintema\/wp-json\/wp\/v2\/comments?post=11527"}],"version-history":[{"count":2,"href":"https:\/\/sintema.org.br\/sintema\/wp-json\/wp\/v2\/posts\/11527\/revisions"}],"predecessor-version":[{"id":11530,"href":"https:\/\/sintema.org.br\/sintema\/wp-json\/wp\/v2\/posts\/11527\/revisions\/11530"}],"wp:attachment":[{"href":"https:\/\/sintema.org.br\/sintema\/wp-json\/wp\/v2\/media?parent=11527"}],"wp:term":[{"taxonomy":"category","embeddable":true,"href":"https:\/\/sintema.org.br\/sintema\/wp-json\/wp\/v2\/categories?post=11527"},{"taxonomy":"post_tag","embeddable":true,"href":"https:\/\/sintema.org.br\/sintema\/wp-json\/wp\/v2\/tags?post=11527"}],"curies":[{"name":"wp","href":"https:\/\/api.w.org\/{rel}","templated":true}]}}