{"id":11571,"date":"2021-05-03T14:44:55","date_gmt":"2021-05-03T14:44:55","guid":{"rendered":"http:\/\/sintema.org.br\/sintema\/?p=11571"},"modified":"2021-05-03T14:44:55","modified_gmt":"2021-05-03T14:44:55","slug":"pesar-sintema-comunica-falecimento-do-associado-raimundo-dias","status":"publish","type":"post","link":"https:\/\/sintema.org.br\/sintema\/pesar-sintema-comunica-falecimento-do-associado-raimundo-dias\/","title":{"rendered":"PESAR | Sintema comunica falecimento do associado Raimundo Dias"},"content":{"rendered":"<p><a href=\"http:\/\/sintema.org.br\/sintema\/wp-content\/uploads\/2014\/05\/falecimentoooo-300x186111.jpg\"><img loading=\"lazy\" class=\"alignnone size-full wp-image-4804\" src=\"http:\/\/sintema.org.br\/sintema\/wp-content\/uploads\/2014\/05\/falecimentoooo-300x186111.jpg\" alt=\"\" width=\"300\" height=\"186\"><\/a><\/p>\n<p>\u00c9 com imenso pesar que a diretoria do Sintema comunica a toda categoria o falecimento do&nbsp;associado<strong>&nbsp;RAIMUNDO DIAS <\/strong>\u2013 ocorrido no \u00faltimo dia 30 abril de 2021. Raimundo Dias era servidor aposentado (vigilante).<\/p>\n<p>&nbsp;<\/p>\n<p>Toda a Dire\u00e7\u00e3o do Sindicato lamenta e se solidariza com a fam\u00edlia, enlutada neste momento de dor.<\/p>\n<p>\u2014<\/p>\n<p><em>Imprensa Sintema<\/em><\/p>\n","protected":false},"excerpt":{"rendered":"<p>\u00c9 com imenso pesar que a diretoria do Sintema comunica a toda categoria o falecimento do&nbsp;associado&nbsp;RAIMUNDO DIAS \u2013 ocorrido no \u00faltimo dia 30 abril de 2021. Raimundo Dias era servidor aposentado (vigilante). &nbsp; Toda a Dire\u00e7\u00e3o do Sindicato lamenta e se solidariza com a fam\u00edlia, enlutada neste momento de dor. \u2014 Imprensa Sintema<\/p>\n","protected":false},"author":2,"featured_media":0,"comment_status":"open","ping_status":"open","sticky":false,"template":"","format":"standard","meta":[],"categories":[5,8],"tags":[],"_links":{"self":[{"href":"https:\/\/sintema.org.br\/sintema\/wp-json\/wp\/v2\/posts\/11571"}],"collection":[{"href":"https:\/\/sintema.org.br\/sintema\/wp-json\/wp\/v2\/posts"}],"about":[{"href":"https:\/\/sintema.org.br\/sintema\/wp-json\/wp\/v2\/types\/post"}],"author":[{"embeddable":true,"href":"https:\/\/sintema.org.br\/sintema\/wp-json\/wp\/v2\/users\/2"}],"replies":[{"embeddable":true,"href":"https:\/\/sintema.org.br\/sintema\/wp-json\/wp\/v2\/comments?post=11571"}],"version-history":[{"count":1,"href":"https:\/\/sintema.org.br\/sintema\/wp-json\/wp\/v2\/posts\/11571\/revisions"}],"predecessor-version":[{"id":11572,"href":"https:\/\/sintema.org.br\/sintema\/wp-json\/wp\/v2\/posts\/11571\/revisions\/11572"}],"wp:attachment":[{"href":"https:\/\/sintema.org.br\/sintema\/wp-json\/wp\/v2\/media?parent=11571"}],"wp:term":[{"taxonomy":"category","embeddable":true,"href":"https:\/\/sintema.org.br\/sintema\/wp-json\/wp\/v2\/categories?post=11571"},{"taxonomy":"post_tag","embeddable":true,"href":"https:\/\/sintema.org.br\/sintema\/wp-json\/wp\/v2\/tags?post=11571"}],"curies":[{"name":"wp","href":"https:\/\/api.w.org\/{rel}","templated":true}]}}