{"id":11579,"date":"2021-05-13T12:01:54","date_gmt":"2021-05-13T12:01:54","guid":{"rendered":"http:\/\/sintema.org.br\/sintema\/?p=11579"},"modified":"2021-05-13T12:02:50","modified_gmt":"2021-05-13T12:02:50","slug":"pesar-sintema-comunica-falecimento-de-simone-lucilia-de-andrade-oliveira","status":"publish","type":"post","link":"https:\/\/sintema.org.br\/sintema\/pesar-sintema-comunica-falecimento-de-simone-lucilia-de-andrade-oliveira\/","title":{"rendered":"PESAR | Sintema comunica falecimento de Simone Luc\u00edlia de Andrade Oliveira"},"content":{"rendered":"<p align=\"justify\"><a href=\"http:\/\/sintema.org.br\/sintema\/wp-content\/uploads\/2017\/12\/nota-de-falecimento-800.jpg\"><img loading=\"lazy\" class=\"alignnone wp-image-9433\" src=\"http:\/\/sintema.org.br\/sintema\/wp-content\/uploads\/2017\/12\/nota-de-falecimento-800.jpg\" alt=\"\" width=\"435\" height=\"272\"><\/a><\/p>\n<p align=\"justify\">A Dire\u00e7\u00e3o do Sintema, gest\u00e3o \u201cSindicato \u00e9 pra Lutar\u201d, vem a p\u00fablico informar sobre o falecimento de&nbsp;<strong>SIMONE LUC\u00cdLIA DE ANDRADE OLIVEIRA<\/strong>, m\u00e3e do advogado Mario Macieira, s\u00f3cio do escrit\u00f3rio de advocacia Macieira, Nunes, Zagallo e Advogados Associados, que assessora o sindicato.<\/p>\n<p align=\"justify\">&nbsp;<\/p>\n<p align=\"justify\">Simone Oliveira faleceu nesta quarta-feira, 12, v\u00edtima de complica\u00e7\u00f5es da Covid-19.<\/p>\n<p align=\"justify\">&nbsp;<\/p>\n<p align=\"justify\">A diretoria da entidade lamenta a partida t\u00e3o breve, e&nbsp;se solidariza com a fam\u00edlia, enlutada neste momento de dor.<\/p>\n<p align=\"justify\">&nbsp;<\/p>\n<p align=\"justify\">A Diretoria.<\/p>\n","protected":false},"excerpt":{"rendered":"<p>A Dire\u00e7\u00e3o do Sintema, gest\u00e3o \u201cSindicato \u00e9 pra Lutar\u201d, vem a p\u00fablico informar sobre o falecimento de&nbsp;SIMONE LUC\u00cdLIA DE ANDRADE OLIVEIRA, m\u00e3e do advogado Mario Macieira, s\u00f3cio do escrit\u00f3rio de advocacia Macieira, Nunes, Zagallo e Advogados Associados, que assessora o sindicato. &nbsp; Simone Oliveira faleceu nesta quarta-feira, 12, v\u00edtima de complica\u00e7\u00f5es da Covid-19. &nbsp; A [&hellip;]<\/p>\n","protected":false},"author":2,"featured_media":0,"comment_status":"open","ping_status":"open","sticky":false,"template":"","format":"standard","meta":[],"categories":[5,8],"tags":[],"_links":{"self":[{"href":"https:\/\/sintema.org.br\/sintema\/wp-json\/wp\/v2\/posts\/11579"}],"collection":[{"href":"https:\/\/sintema.org.br\/sintema\/wp-json\/wp\/v2\/posts"}],"about":[{"href":"https:\/\/sintema.org.br\/sintema\/wp-json\/wp\/v2\/types\/post"}],"author":[{"embeddable":true,"href":"https:\/\/sintema.org.br\/sintema\/wp-json\/wp\/v2\/users\/2"}],"replies":[{"embeddable":true,"href":"https:\/\/sintema.org.br\/sintema\/wp-json\/wp\/v2\/comments?post=11579"}],"version-history":[{"count":1,"href":"https:\/\/sintema.org.br\/sintema\/wp-json\/wp\/v2\/posts\/11579\/revisions"}],"predecessor-version":[{"id":11580,"href":"https:\/\/sintema.org.br\/sintema\/wp-json\/wp\/v2\/posts\/11579\/revisions\/11580"}],"wp:attachment":[{"href":"https:\/\/sintema.org.br\/sintema\/wp-json\/wp\/v2\/media?parent=11579"}],"wp:term":[{"taxonomy":"category","embeddable":true,"href":"https:\/\/sintema.org.br\/sintema\/wp-json\/wp\/v2\/categories?post=11579"},{"taxonomy":"post_tag","embeddable":true,"href":"https:\/\/sintema.org.br\/sintema\/wp-json\/wp\/v2\/tags?post=11579"}],"curies":[{"name":"wp","href":"https:\/\/api.w.org\/{rel}","templated":true}]}}