{"id":11699,"date":"2021-08-13T13:59:14","date_gmt":"2021-08-13T13:59:14","guid":{"rendered":"http:\/\/sintema.org.br\/sintema\/?p=11699"},"modified":"2021-08-13T13:59:14","modified_gmt":"2021-08-13T13:59:14","slug":"servidoras-e-servidores-entregam-manifesto-contra-a-pec-32-ao-relator","status":"publish","type":"post","link":"https:\/\/sintema.org.br\/sintema\/servidoras-e-servidores-entregam-manifesto-contra-a-pec-32-ao-relator\/","title":{"rendered":"Servidoras e servidores entregam manifesto contra a PEC 32 ao relator"},"content":{"rendered":"<p>&nbsp;<\/p>\n<p><a href=\"http:\/\/sintema.org.br\/sintema\/wp-content\/uploads\/2021\/08\/Cislene.jpg\"><img loading=\"lazy\" class=\"alignnone  wp-image-11703\" src=\"http:\/\/sintema.org.br\/sintema\/wp-content\/uploads\/2021\/08\/Cislene.jpg\" alt=\"\" width=\"475\" height=\"248\"><\/a><\/p>\n<p>Servidoras e servidores p\u00fablicos, parlamentares e coordenadores da Frente Parlamentar Mista do Servi\u00e7o P\u00fablico informaram ao relator da PEC 32 (reforma administrativa) na Comiss\u00e3o Mista, Arthur Maia (DEM-BA), que realizar\u00e3o&nbsp;<strong>Greve Geral no pr\u00f3ximo dia 18 de agosto<\/strong>, contra a proposta que representa a destrui\u00e7\u00e3o dos servi\u00e7os p\u00fablicos.<\/p>\n<p>Na reuni\u00e3o, ocorrida nesta quarta-feira (11\/8), destacaram a necessidade de aprofundar o debate com os servidores e servidoras sobre a reforma do \u201cEstado\u201d em audi\u00eancias com as categorias.<\/p>\n<p>A FASUBRA Sindical acompanhou a reuni\u00e3o, por meio de sala online, e no final foi entregue o&nbsp;<strong>Manifesto<\/strong>&nbsp;aprovado no Encontro Nacional dos Trabalhadores e Trabalhadoras do Setor P\u00fablico no final de julho, que destaca os principais pontos contr\u00e1rios \u00e0 PEC.<\/p>\n<p>Na ocasi\u00e3o, o relator Arthur Maia afirmou que pode entregar seu parecer at\u00e9 o final deste m\u00eas, atendendo a um apelo do presidente da C\u00e2mara dos Deputados (PP-AL), Arthur Lira, que recebeu o manifesto no \u00faltimo dia 4 de agosto.<\/p>\n<p>Tanto a representa\u00e7\u00e3o das entidades quanto os parlamentares solicitaram ao relator um prazo maior para debater o relat\u00f3rio a ser encaminhado ao plen\u00e1rio. Solicitaram tamb\u00e9m que seja mantida uma agenda para que possa ser apresentado os pontos que atingem os servidores p\u00fablicos.<\/p>\n<p>A FASUBRA Sindical orienta as entidades de base a refor\u00e7arem a luta contra a reforma administrativa denunciando os parlamentares nos estados que s\u00e3o favor\u00e1veis \u00e0 PEC 32. Orienta ainda a participa\u00e7\u00e3o nos atos do dia 18, pr\u00f3xima (quarta-feira), dentro das determina\u00e7\u00f5es da OMS, com distanciamento, m\u00e1scara e \u00e1lcool em gel.<\/p>\n<p>Bolsonaro mata mais que o v\u00edrus!<\/p>\n<p>Veja audi\u00eancia na \u00edntegra:&nbsp;<a href=\"https:\/\/www.facebook.com\/Fasubra\/videos\/195729912537733\">https:\/\/www.facebook.com\/Fasubra\/videos\/195729912537733<\/a><\/p>\n<p>Manifesto:&nbsp;<a href=\"https:\/\/fasubra.org.br\/wp-content\/uploads\/2021\/08\/manifesto-final.pdf\">https:\/\/fasubra.org.br\/wp-content\/uploads\/2021\/08\/manifesto-final.pdf<\/a><\/p>\n<p>F<em>oto: Cislene-FENAJUD<\/em><\/p>\n<p><strong>Fonte: Fasubra.<\/strong><\/p>\n","protected":false},"excerpt":{"rendered":"<p>&nbsp; Servidoras e servidores p\u00fablicos, parlamentares e coordenadores da Frente Parlamentar Mista do Servi\u00e7o P\u00fablico informaram ao relator da PEC 32 (reforma administrativa) na Comiss\u00e3o Mista, Arthur Maia (DEM-BA), que realizar\u00e3o&nbsp;Greve Geral no pr\u00f3ximo dia 18 de agosto, contra a proposta que representa a destrui\u00e7\u00e3o dos servi\u00e7os p\u00fablicos. Na reuni\u00e3o, ocorrida nesta quarta-feira (11\/8), destacaram [&hellip;]<\/p>\n","protected":false},"author":2,"featured_media":0,"comment_status":"open","ping_status":"open","sticky":false,"template":"","format":"standard","meta":[],"categories":[12,5,18],"tags":[],"_links":{"self":[{"href":"https:\/\/sintema.org.br\/sintema\/wp-json\/wp\/v2\/posts\/11699"}],"collection":[{"href":"https:\/\/sintema.org.br\/sintema\/wp-json\/wp\/v2\/posts"}],"about":[{"href":"https:\/\/sintema.org.br\/sintema\/wp-json\/wp\/v2\/types\/post"}],"author":[{"embeddable":true,"href":"https:\/\/sintema.org.br\/sintema\/wp-json\/wp\/v2\/users\/2"}],"replies":[{"embeddable":true,"href":"https:\/\/sintema.org.br\/sintema\/wp-json\/wp\/v2\/comments?post=11699"}],"version-history":[{"count":1,"href":"https:\/\/sintema.org.br\/sintema\/wp-json\/wp\/v2\/posts\/11699\/revisions"}],"predecessor-version":[{"id":11704,"href":"https:\/\/sintema.org.br\/sintema\/wp-json\/wp\/v2\/posts\/11699\/revisions\/11704"}],"wp:attachment":[{"href":"https:\/\/sintema.org.br\/sintema\/wp-json\/wp\/v2\/media?parent=11699"}],"wp:term":[{"taxonomy":"category","embeddable":true,"href":"https:\/\/sintema.org.br\/sintema\/wp-json\/wp\/v2\/categories?post=11699"},{"taxonomy":"post_tag","embeddable":true,"href":"https:\/\/sintema.org.br\/sintema\/wp-json\/wp\/v2\/tags?post=11699"}],"curies":[{"name":"wp","href":"https:\/\/api.w.org\/{rel}","templated":true}]}}