{"id":11785,"date":"2021-09-30T16:57:15","date_gmt":"2021-09-30T16:57:15","guid":{"rendered":"http:\/\/sintema.org.br\/sintema\/?p=11785"},"modified":"2021-09-30T16:57:18","modified_gmt":"2021-09-30T16:57:18","slug":"sintema-convoca-categoria-para-participar-do-fora-bolsonaro","status":"publish","type":"post","link":"https:\/\/sintema.org.br\/sintema\/sintema-convoca-categoria-para-participar-do-fora-bolsonaro\/","title":{"rendered":"Sintema convoca categoria para participar do FORA BOLSONARO"},"content":{"rendered":"\n<p>Aten\u00e7\u00e3o trabalhadores e trabalhadoras! O Sintema convoca toda a categoria para participar desse ato no pr\u00f3ximo dia 2 (s\u00e1bado). <\/p>\n\n\n\n<p>Coloque sua m\u00e1scara e participe!<\/p>\n\n\n\n<figure class=\"wp-block-image size-large is-resized\"><a href=\"http:\/\/sintema.org.br\/sintema\/wp-content\/uploads\/2021\/09\/IMG-20210927-WA0002.jpg\"><img loading=\"lazy\" src=\"http:\/\/sintema.org.br\/sintema\/wp-content\/uploads\/2021\/09\/IMG-20210927-WA0002-1024x934.jpg\" alt=\"\" class=\"wp-image-11786\" width=\"645\" height=\"588\" srcset=\"https:\/\/sintema.org.br\/sintema\/wp-content\/uploads\/2021\/09\/IMG-20210927-WA0002-1024x934.jpg 1024w, https:\/\/sintema.org.br\/sintema\/wp-content\/uploads\/2021\/09\/IMG-20210927-WA0002-300x274.jpg 300w, https:\/\/sintema.org.br\/sintema\/wp-content\/uploads\/2021\/09\/IMG-20210927-WA0002-768x701.jpg 768w, https:\/\/sintema.org.br\/sintema\/wp-content\/uploads\/2021\/09\/IMG-20210927-WA0002.jpg 1280w\" sizes=\"(max-width: 645px) 100vw, 645px\" \/><\/a><\/figure>\n","protected":false},"excerpt":{"rendered":"<p>Aten\u00e7\u00e3o trabalhadores e trabalhadoras! O Sintema convoca toda a categoria para participar desse ato no pr\u00f3ximo dia 2 (s\u00e1bado). Coloque sua m\u00e1scara e participe!<\/p>\n","protected":false},"author":2,"featured_media":0,"comment_status":"open","ping_status":"open","sticky":false,"template":"","format":"standard","meta":[],"categories":[12,5],"tags":[],"_links":{"self":[{"href":"https:\/\/sintema.org.br\/sintema\/wp-json\/wp\/v2\/posts\/11785"}],"collection":[{"href":"https:\/\/sintema.org.br\/sintema\/wp-json\/wp\/v2\/posts"}],"about":[{"href":"https:\/\/sintema.org.br\/sintema\/wp-json\/wp\/v2\/types\/post"}],"author":[{"embeddable":true,"href":"https:\/\/sintema.org.br\/sintema\/wp-json\/wp\/v2\/users\/2"}],"replies":[{"embeddable":true,"href":"https:\/\/sintema.org.br\/sintema\/wp-json\/wp\/v2\/comments?post=11785"}],"version-history":[{"count":1,"href":"https:\/\/sintema.org.br\/sintema\/wp-json\/wp\/v2\/posts\/11785\/revisions"}],"predecessor-version":[{"id":11787,"href":"https:\/\/sintema.org.br\/sintema\/wp-json\/wp\/v2\/posts\/11785\/revisions\/11787"}],"wp:attachment":[{"href":"https:\/\/sintema.org.br\/sintema\/wp-json\/wp\/v2\/media?parent=11785"}],"wp:term":[{"taxonomy":"category","embeddable":true,"href":"https:\/\/sintema.org.br\/sintema\/wp-json\/wp\/v2\/categories?post=11785"},{"taxonomy":"post_tag","embeddable":true,"href":"https:\/\/sintema.org.br\/sintema\/wp-json\/wp\/v2\/tags?post=11785"}],"curies":[{"name":"wp","href":"https:\/\/api.w.org\/{rel}","templated":true}]}}