{"id":13050,"date":"2024-10-29T21:55:17","date_gmt":"2024-10-29T21:55:17","guid":{"rendered":"https:\/\/sintema.org.br\/sintema\/?p=13050"},"modified":"2024-10-29T21:58:56","modified_gmt":"2024-10-29T21:58:56","slug":"sintema-participa-da-semana-do-servidor-e-servidora-da-ufma","status":"publish","type":"post","link":"https:\/\/sintema.org.br\/sintema\/sintema-participa-da-semana-do-servidor-e-servidora-da-ufma\/","title":{"rendered":"Sintema participa da Semana do Servidor e Servidora da UFMA"},"content":{"rendered":"\n<figure class=\"wp-block-image size-large is-resized\"><img loading=\"lazy\" src=\"http:\/\/sintema.org.br\/sintema\/wp-content\/uploads\/2024\/10\/WhatsApp-Image-2024-10-29-at-14.44.20-2.jpeg\" alt=\"\" width=\"671\" height=\"446\"\/><\/figure>\n\n\n\n<p>Na manh\u00e3 desta segunda-feira (29\/10), a Dire\u00e7\u00e3o do Sintema participou da abertura da Semana do Servidor e da Servidora P\u00fablica realizada pela Universidade Federal do Maranh\u00e3o (UFMA), em parceria com as entidades representativas dos t\u00e9cnico-administrativos e docentes. O evento que acontece at\u00e9 o pr\u00f3ximo dia 1\u00ba\/11, na cidade universit\u00e1ria Dom Delgado, visa celebrar e valorizar o trabalho dos servidores e servidoras, al\u00e9m de promover o bem-estar e desenvolvimento profissional, e fortalecer o sentimento de pertencimento ao Servi\u00e7o P\u00fablico Federal.<\/p>\n\n\n\n<p>.<\/p>\n\n\n\n<p>O presidente do Sintema, Mariano Azevedo, integrou a mesa de abertura da semana e ressaltou a import\u00e2ncia do momento de reconhecimento e valoriza\u00e7\u00e3o da categoria. O sindicalista aproveitou a oportunidade para convidar os trabalhadores e trabalhadoras para visitarem o espa\u00e7o do Sintema na feira que ocorrer\u00e1 nesta quarta-feira (30\/10). \u201cPrestaremos informa\u00e7\u00f5es sobre os processos judiciais, falaremos sobre as parcerias e conv\u00eanios, e estaremos recebendo novas filia\u00e7\u00f5es para aqueles e aquelas que ainda n\u00e3o sindicalizados, dentre outros\u201d, ressaltou.<\/p>\n\n\n\n<p>.<\/p>\n\n\n\n<p>O reitor da UFMA, professor Fernando Carvalho, agradeceu o empenho e dedica\u00e7\u00e3o de todos os profissionais que fazem a universidade acontecer. \u201cQuero, neste momento, expressar minha gratid\u00e3o a cada um de voc\u00eas que se dedicam \u00e0 constru\u00e7\u00e3o de uma universidade p\u00fablica, forte, inclusiva e voltada para o desenvolvimento do nosso Estado. Ser servidor p\u00fablico da UFMA \u00e9 ter o compromisso com a educa\u00e7\u00e3o, com a ci\u00eancia e com o futuro dos nossos jovens\u201d, disse.<\/p>\n\n\n\n<figure class=\"wp-block-image size-large is-resized\"><img loading=\"lazy\" src=\"http:\/\/sintema.org.br\/sintema\/wp-content\/uploads\/2024\/10\/WhatsApp-Image-2024-10-29-at-14.44.19.jpeg\" alt=\"\" width=\"653\" height=\"434\"\/><\/figure>\n\n\n\n<p><\/p>\n\n\n\n<p>\u201cCada um de voc\u00eas contribui para que milhares de jovens possam transformar suas vidas, suas comunidades e o nosso Estado. \u00c9 um legado que nenhum de n\u00f3s pode medir na sua totalidade. Voc\u00eas s\u00e3o os pilares que sustentam esta universidade, os docentes que compartilham os conhecimentos e inspiram os nossos jovens, e os t\u00e9cnicos, que garantem o funcionamento do nosso sistema de informa\u00e7\u00e3o, laborat\u00f3rios, setores administrativos, profissionais que mant\u00eam a infraestrutura, a nossa seguran\u00e7a, permitindo assim que a UFMA cumpra a sua miss\u00e3o\u201d, finalizou o reitor.<\/p>\n\n\n\n<p>.<\/p>\n\n\n\n<p>Tamb\u00e9m compuseram a mesa de abertura do evento, o vice-reitor da UFMA, professor Leonardo Silva Soares; a pr\u00f3-reitora de Gest\u00e3o de Pessoas, Ana Carla Ara\u00fajo Arruda; o diretor da Diretoria de Desempenho, Carreira e Sa\u00fade, Allan Kardec; a coordenadora da Coordena\u00e7\u00e3o de Aten\u00e7\u00e3o \u00e0 Sa\u00fade do Servidor, M\u00e1rcia Marques; A diretora adjunta de Interioriza\u00e7\u00e3o, professora Edna Davi Silva, representando a APRUMA; e o presidente do Sindufma, professor Prot\u00e1sio Cesar dos Santos.<\/p>\n\n\n\n<figure class=\"wp-block-image size-large is-resized\"><img loading=\"lazy\" src=\"http:\/\/sintema.org.br\/sintema\/wp-content\/uploads\/2024\/10\/WhatsApp-Image-2024-10-29-at-14.44.19-2.jpeg\" alt=\"\" width=\"714\" height=\"475\"\/><\/figure>\n\n\n\n<p>.<\/p>\n\n\n\n<p>Ap\u00f3s a abertura, os servidores e servidoras assistiram \u00e0 palestra \u201c\u00c9 Tempo de Agir: (re)pensando sa\u00fade mental e seguran\u00e7a psicol\u00f3gica no ambiente de trabalho\u201d, ministrada pela professora mestra, Caroline Serra (foto acima).<\/p>\n\n\n\n<p>.<\/p>\n\n\n\n<p>As atra\u00e7\u00f5es da Semana do Servidor e da Servidora prosseguem amanh\u00e3 (30\/10). <strong>Confira abaixo:<\/strong><\/p>\n\n\n\n<p><strong>30\/10<\/strong><\/p>\n\n\n\n<p><em>9h \u00e0s 13h \u2013 A\u00e7\u00f5es de sa\u00fade e presta\u00e7\u00e3o de servi\u00e7os, na Pra\u00e7a do pr\u00e9dio Castel\u00e3o (C\u00e2mpus Bacanga)<\/em><\/p>\n\n\n\n<p><strong>31 \/10 e 1\u00ba\/11<\/strong><\/p>\n\n\n\n<p><em>9h \u00e0s 12h e 15h \u00e0s 17h \u2013 Programa\u00e7\u00e3o Desportiva, no N\u00facleo de Esportes (C\u00e2mpus Bacanga)<\/em><\/p>\n","protected":false},"excerpt":{"rendered":"<p>Na manh\u00e3 desta segunda-feira (29\/10), a Dire\u00e7\u00e3o do Sintema participou da abertura da Semana do Servidor e da Servidora P\u00fablica realizada pela Universidade Federal do Maranh\u00e3o (UFMA), em parceria com as entidades representativas dos t\u00e9cnico-administrativos e docentes. O evento que acontece at\u00e9 o pr\u00f3ximo dia 1\u00ba\/11, na cidade universit\u00e1ria Dom Delgado, visa celebrar e valorizar [&hellip;]<\/p>\n","protected":false},"author":2,"featured_media":0,"comment_status":"open","ping_status":"open","sticky":false,"template":"","format":"standard","meta":[],"categories":[12,5],"tags":[],"_links":{"self":[{"href":"https:\/\/sintema.org.br\/sintema\/wp-json\/wp\/v2\/posts\/13050"}],"collection":[{"href":"https:\/\/sintema.org.br\/sintema\/wp-json\/wp\/v2\/posts"}],"about":[{"href":"https:\/\/sintema.org.br\/sintema\/wp-json\/wp\/v2\/types\/post"}],"author":[{"embeddable":true,"href":"https:\/\/sintema.org.br\/sintema\/wp-json\/wp\/v2\/users\/2"}],"replies":[{"embeddable":true,"href":"https:\/\/sintema.org.br\/sintema\/wp-json\/wp\/v2\/comments?post=13050"}],"version-history":[{"count":2,"href":"https:\/\/sintema.org.br\/sintema\/wp-json\/wp\/v2\/posts\/13050\/revisions"}],"predecessor-version":[{"id":13054,"href":"https:\/\/sintema.org.br\/sintema\/wp-json\/wp\/v2\/posts\/13050\/revisions\/13054"}],"wp:attachment":[{"href":"https:\/\/sintema.org.br\/sintema\/wp-json\/wp\/v2\/media?parent=13050"}],"wp:term":[{"taxonomy":"category","embeddable":true,"href":"https:\/\/sintema.org.br\/sintema\/wp-json\/wp\/v2\/categories?post=13050"},{"taxonomy":"post_tag","embeddable":true,"href":"https:\/\/sintema.org.br\/sintema\/wp-json\/wp\/v2\/tags?post=13050"}],"curies":[{"name":"wp","href":"https:\/\/api.w.org\/{rel}","templated":true}]}}