{"id":3028,"date":"2012-10-19T16:43:52","date_gmt":"2012-10-19T16:43:52","guid":{"rendered":"http:\/\/sintema.org.br\/sintema\/?p=3028"},"modified":"2012-10-19T16:43:53","modified_gmt":"2012-10-19T16:43:53","slug":"plenaria-nacional-da-fasubra-comeca-com-o-debate-sobre-o-direito-de-greve","status":"publish","type":"post","link":"https:\/\/sintema.org.br\/sintema\/plenaria-nacional-da-fasubra-comeca-com-o-debate-sobre-o-direito-de-greve\/","title":{"rendered":"PLEN\u00c1RIA NACIONAL DA FASUBRA COME\u00c7A COM O DEBATE SOBRE O DIREITO DE GREVE"},"content":{"rendered":"<p><a href=\"http:\/\/sintema.org.br\/sintema\/wp-content\/uploads\/2012\/10\/fasubra.jpg\"><img loading=\"lazy\" class=\"alignnone size-medium wp-image-3029\" title=\"fasubra\" src=\"http:\/\/sintema.org.br\/sintema\/wp-content\/uploads\/2012\/10\/fasubra-300x223.jpg\" alt=\"\" width=\"300\" height=\"223\" srcset=\"https:\/\/sintema.org.br\/sintema\/wp-content\/uploads\/2012\/10\/fasubra-300x223.jpg 300w, https:\/\/sintema.org.br\/sintema\/wp-content\/uploads\/2012\/10\/fasubra-500x372.jpg 500w, https:\/\/sintema.org.br\/sintema\/wp-content\/uploads\/2012\/10\/fasubra.jpg 720w\" sizes=\"(max-width: 300px) 100vw, 300px\" \/><\/a><\/p>\n<p>&nbsp;<\/p>\n<p>A FASUBRA estar\u00e1 reunida hoje (19) e amanh\u00e3 para a Reuni\u00e3o Plen\u00e1ria Nacional. A plen\u00e1ria acontece no audit\u00f3rio da CNTC em Bras\u00edlia e conta com representantes dos t\u00e9cnico-administrativos de todo pa\u00eds por peio de suas delega\u00e7\u00f5es.<\/p>\n<p>O primeiro assunto na pauta de hoje foi o debate a respeito do Direito de Greve. Participaram do painel como convidados da mesa, representando a CTB F\u00e1tima Reis, o representante da CSP CONLUTAS Cyro Garcia, e o representante da CUT Pedro Armengol.<\/p>\n<p>Ap\u00f3s as explana\u00e7\u00f5es dos painelistas, foi aberto para perguntas dos representantes da categoria. Os participantes tiveram oportunidade de esclarecerem suas d\u00favidas e colocarem argumentos que n\u00e3o foram abordados.<\/p>\n<p>O pr\u00f3ximo encaminhamento da reuni\u00e3o \u00e9 a avalia\u00e7\u00e3o da greve, onde ser\u00e3o discutidos os pontos sobre o movimento paredista iniciado pela categoria no m\u00eas de junho deste ano.<br \/>\n<strong><em>Fonte: www.fasubra.org.br<\/em><\/strong><\/p>\n<p>Por Jo\u00e3o Camilo<\/p>\n<p>Jornalista<\/p>\n","protected":false},"excerpt":{"rendered":"<p>&nbsp; A FASUBRA estar\u00e1 reunida hoje (19) e amanh\u00e3 para a Reuni\u00e3o Plen\u00e1ria Nacional. A plen\u00e1ria acontece no audit\u00f3rio da CNTC em Bras\u00edlia e conta com representantes dos t\u00e9cnico-administrativos de todo pa\u00eds por peio de suas delega\u00e7\u00f5es. O primeiro assunto na pauta de hoje foi o debate a respeito do Direito de Greve. Participaram do [&hellip;]<\/p>\n","protected":false},"author":2,"featured_media":0,"comment_status":"open","ping_status":"open","sticky":false,"template":"","format":"standard","meta":[],"categories":[5,18],"tags":[],"_links":{"self":[{"href":"https:\/\/sintema.org.br\/sintema\/wp-json\/wp\/v2\/posts\/3028"}],"collection":[{"href":"https:\/\/sintema.org.br\/sintema\/wp-json\/wp\/v2\/posts"}],"about":[{"href":"https:\/\/sintema.org.br\/sintema\/wp-json\/wp\/v2\/types\/post"}],"author":[{"embeddable":true,"href":"https:\/\/sintema.org.br\/sintema\/wp-json\/wp\/v2\/users\/2"}],"replies":[{"embeddable":true,"href":"https:\/\/sintema.org.br\/sintema\/wp-json\/wp\/v2\/comments?post=3028"}],"version-history":[{"count":1,"href":"https:\/\/sintema.org.br\/sintema\/wp-json\/wp\/v2\/posts\/3028\/revisions"}],"predecessor-version":[{"id":3030,"href":"https:\/\/sintema.org.br\/sintema\/wp-json\/wp\/v2\/posts\/3028\/revisions\/3030"}],"wp:attachment":[{"href":"https:\/\/sintema.org.br\/sintema\/wp-json\/wp\/v2\/media?parent=3028"}],"wp:term":[{"taxonomy":"category","embeddable":true,"href":"https:\/\/sintema.org.br\/sintema\/wp-json\/wp\/v2\/categories?post=3028"},{"taxonomy":"post_tag","embeddable":true,"href":"https:\/\/sintema.org.br\/sintema\/wp-json\/wp\/v2\/tags?post=3028"}],"curies":[{"name":"wp","href":"https:\/\/api.w.org\/{rel}","templated":true}]}}