{"id":3031,"date":"2012-10-22T09:46:50","date_gmt":"2012-10-22T09:46:50","guid":{"rendered":"http:\/\/sintema.org.br\/sintema\/?p=3031"},"modified":"2012-10-22T09:46:50","modified_gmt":"2012-10-22T09:46:50","slug":"delegados-a-plenaria-nacional-estatutaria-fazem-balanco-da-greve-de-2012","status":"publish","type":"post","link":"https:\/\/sintema.org.br\/sintema\/delegados-a-plenaria-nacional-estatutaria-fazem-balanco-da-greve-de-2012\/","title":{"rendered":"DELEGADOS \u00c0 PLEN\u00c1RIA NACIONAL ESTATUT\u00c1RIA FAZEM BALAN\u00c7O DA GREVE DE 2012"},"content":{"rendered":"<p style=\"text-align: justify;\"><a href=\"http:\/\/sintema.org.br\/sintema\/wp-content\/uploads\/2012\/10\/plenariaout2.jpg\"><img loading=\"lazy\" class=\"alignnone size-medium wp-image-3032\" title=\"plenariaout2\" src=\"http:\/\/sintema.org.br\/sintema\/wp-content\/uploads\/2012\/10\/plenariaout2-300x225.jpg\" alt=\"\" width=\"300\" height=\"225\" srcset=\"https:\/\/sintema.org.br\/sintema\/wp-content\/uploads\/2012\/10\/plenariaout2-300x225.jpg 300w, https:\/\/sintema.org.br\/sintema\/wp-content\/uploads\/2012\/10\/plenariaout2-500x375.jpg 500w, https:\/\/sintema.org.br\/sintema\/wp-content\/uploads\/2012\/10\/plenariaout2.jpg 640w\" sizes=\"(max-width: 300px) 100vw, 300px\" \/><\/a><\/p>\n<p style=\"text-align: justify;\">\n<p style=\"text-align: justify;\">Os 136 delegados presentes \u00e0 Plen\u00e1ria Nacional Estatut\u00e1ria dedicaram a tarde da sexta-feira (19) a analisar o resultado da greve de 2012.<\/p>\n<p style=\"text-align: justify;\">A plen\u00e1ria teve in\u00edcio \u00e0s duas da tarde, quando a coordena\u00e7\u00e3o-geral da Fasubra, constitu\u00edda por Janine Vieira, Paulo Henrique dos Santos e Gibran Jord\u00e3o formaram a mesa coordenadora e come\u00e7aram a repassar os informes sobre a luta contra a EBSERH, as viagens feitas pela Dire\u00e7\u00e3o Nacional para participar de eventos sindicais no exterior, a ades\u00e3o da Fasubra \u00e0 campanha Outubro Rosa, atividades da Comiss\u00e3o Nacional de Supervis\u00e3o da Carreira, e os trabalhos da coordena\u00e7\u00e3o de Ra\u00e7a e Etnia.<\/p>\n<p style=\"text-align: justify;\">\n<p style=\"text-align: justify;\"><a href=\"http:\/\/sintema.org.br\/sintema\/wp-content\/uploads\/2012\/10\/plenariared.jpg\"><img loading=\"lazy\" class=\"alignnone size-medium wp-image-3033\" title=\"plenariared\" src=\"http:\/\/sintema.org.br\/sintema\/wp-content\/uploads\/2012\/10\/plenariared-300x225.jpg\" alt=\"\" width=\"300\" height=\"225\" srcset=\"https:\/\/sintema.org.br\/sintema\/wp-content\/uploads\/2012\/10\/plenariared-300x225.jpg 300w, https:\/\/sintema.org.br\/sintema\/wp-content\/uploads\/2012\/10\/plenariared-500x375.jpg 500w, https:\/\/sintema.org.br\/sintema\/wp-content\/uploads\/2012\/10\/plenariared.jpg 800w\" sizes=\"(max-width: 300px) 100vw, 300px\" \/><\/a><\/p>\n<p style=\"text-align: justify;\">Posteriormente, a mesa procedeu-se \u00e0 inscri\u00e7\u00e3o de aproximadamente 80 delegados para as fala\u00e7\u00f5es acerca do Balan\u00e7o da Greve. Em sua maioria, a interven\u00e7\u00f5es ressaltaram que quando h\u00e1 unidade na Dire\u00e7\u00e3o Nacional, como foi o caso do movimento paredista liderado pela Fasubra, isso se reflete na base e gera avan\u00e7os e conquistas para a categoria.<\/p>\n<p style=\"text-align: justify;\">Em v\u00e1rias falas ficou evidente que a uni\u00e3o dos t\u00e9cnico-administrativos em Educa\u00e7\u00e3o a outros segmentos do funcionalismo, tais como Andes e Sinasefe, foi primordial para dobrar o governo e levar a categoria a fechar o acordo com conquistas satisfat\u00f3rias.<\/p>\n<p style=\"text-align: justify;\">\n<p style=\"text-align: justify;\"><em><strong>Fonte: www.fasubra.org.br<\/strong><\/em><\/p>\n","protected":false},"excerpt":{"rendered":"<p>Os 136 delegados presentes \u00e0 Plen\u00e1ria Nacional Estatut\u00e1ria dedicaram a tarde da sexta-feira (19) a analisar o resultado da greve de 2012. A plen\u00e1ria teve in\u00edcio \u00e0s duas da tarde, quando a coordena\u00e7\u00e3o-geral da Fasubra, constitu\u00edda por Janine Vieira, Paulo Henrique dos Santos e Gibran Jord\u00e3o formaram a mesa coordenadora e come\u00e7aram a repassar os [&hellip;]<\/p>\n","protected":false},"author":2,"featured_media":0,"comment_status":"open","ping_status":"open","sticky":false,"template":"","format":"standard","meta":[],"categories":[5,18],"tags":[],"_links":{"self":[{"href":"https:\/\/sintema.org.br\/sintema\/wp-json\/wp\/v2\/posts\/3031"}],"collection":[{"href":"https:\/\/sintema.org.br\/sintema\/wp-json\/wp\/v2\/posts"}],"about":[{"href":"https:\/\/sintema.org.br\/sintema\/wp-json\/wp\/v2\/types\/post"}],"author":[{"embeddable":true,"href":"https:\/\/sintema.org.br\/sintema\/wp-json\/wp\/v2\/users\/2"}],"replies":[{"embeddable":true,"href":"https:\/\/sintema.org.br\/sintema\/wp-json\/wp\/v2\/comments?post=3031"}],"version-history":[{"count":1,"href":"https:\/\/sintema.org.br\/sintema\/wp-json\/wp\/v2\/posts\/3031\/revisions"}],"predecessor-version":[{"id":3034,"href":"https:\/\/sintema.org.br\/sintema\/wp-json\/wp\/v2\/posts\/3031\/revisions\/3034"}],"wp:attachment":[{"href":"https:\/\/sintema.org.br\/sintema\/wp-json\/wp\/v2\/media?parent=3031"}],"wp:term":[{"taxonomy":"category","embeddable":true,"href":"https:\/\/sintema.org.br\/sintema\/wp-json\/wp\/v2\/categories?post=3031"},{"taxonomy":"post_tag","embeddable":true,"href":"https:\/\/sintema.org.br\/sintema\/wp-json\/wp\/v2\/tags?post=3031"}],"curies":[{"name":"wp","href":"https:\/\/api.w.org\/{rel}","templated":true}]}}