{"id":3035,"date":"2012-10-22T09:50:31","date_gmt":"2012-10-22T09:50:31","guid":{"rendered":"http:\/\/sintema.org.br\/sintema\/?p=3035"},"modified":"2012-10-22T09:50:31","modified_gmt":"2012-10-22T09:50:31","slug":"plenaria-avalia-a-greve-de-2012-e-aprova-resolucoes","status":"publish","type":"post","link":"https:\/\/sintema.org.br\/sintema\/plenaria-avalia-a-greve-de-2012-e-aprova-resolucoes\/","title":{"rendered":"PLEN\u00c1RIA AVALIA A GREVE DE 2012 E APROVA RESOLU\u00c7\u00d5ES"},"content":{"rendered":"<p style=\"text-align: justify;\"><a href=\"http:\/\/sintema.org.br\/sintema\/wp-content\/uploads\/2012\/10\/plendiadois1.jpg\"><img loading=\"lazy\" class=\"alignnone size-medium wp-image-3036\" title=\"plendiadois1\" src=\"http:\/\/sintema.org.br\/sintema\/wp-content\/uploads\/2012\/10\/plendiadois1-300x225.jpg\" alt=\"\" width=\"300\" height=\"225\" srcset=\"https:\/\/sintema.org.br\/sintema\/wp-content\/uploads\/2012\/10\/plendiadois1-300x225.jpg 300w, https:\/\/sintema.org.br\/sintema\/wp-content\/uploads\/2012\/10\/plendiadois1-500x375.jpg 500w, https:\/\/sintema.org.br\/sintema\/wp-content\/uploads\/2012\/10\/plendiadois1.jpg 640w\" sizes=\"(max-width: 300px) 100vw, 300px\" \/><\/a><\/p>\n<p style=\"text-align: justify;\">No segundo dia da Plen\u00e1ria Nacional Estatut\u00e1ria da Fasubra Sindical as delegadas e delegados \u00e0 Plen\u00e1ria, representando 31 entidades filiadas, deram continuidade ao balan\u00e7o da greve de 2012.<\/p>\n<p style=\"text-align: justify;\">Na maioria das falas, os delegados compararam a greve realizada em 2011 com o movimento encampado agora em 2012. A avalia\u00e7\u00e3o da maioria dos delegados presentes foi de que, apesar do \u00edndice conquistado n\u00e3o ter sido o ideal (15.8%), a greve trouxe avan\u00e7os relevantes no que tange aos anexos III e VI, aumento no step, al\u00e9m de garantir a paridade dos aposentados.<\/p>\n<p style=\"text-align: justify;\">Os delegados reconheceram a import\u00e2ncia do apoio da Federa\u00e7\u00e3o \u00e0 negocia\u00e7\u00e3o das pautas locais e apontaram como desafios importantes a serem superados pela categoria: a privatiza\u00e7\u00e3o dos HUs em andamento atrav\u00e9s da EBSERH, a agiliza\u00e7\u00e3o das atividades dos Grupos de Trabalho (CNSC e Capacita\u00e7\u00e3o) e tamb\u00e9m implementa\u00e7\u00e3o do Plano de Lutas oriundo do XXI Confasura.<\/p>\n<p style=\"text-align: justify;\">A tarde do s\u00e1bado foi destinada aos encaminhamentos e delibera\u00e7\u00f5es finais. As resolu\u00e7\u00f5es ser\u00e3o divulgadas no Informe de Dire\u00e7\u00e3o, que trar\u00e1 o posicionamento da categoria acerca da revoga\u00e7\u00e3o da Reforma da Previd\u00eancia, defini\u00e7\u00e3o de a\u00e7\u00f5es contra a EBSERH, mo\u00e7\u00f5es, realiza\u00e7\u00e3o de Encontro Nacional sobre os HU\u2019s e Educa\u00e7\u00e3o Superior (com participa\u00e7\u00e3o do Andes, Sinasefe e movimento estudantil), acompanhamento dos Projetos de Lei que tratam do direito de greve e que est\u00e3o em tramita\u00e7\u00e3o na C\u00e2mara dos Deputados, entre outras resolu\u00e7\u00f5es.<\/p>\n<p style=\"text-align: justify;\"><em><strong>Fonte: www.fasubra.org.br<\/strong><\/em><\/p>\n<p style=\"text-align: justify;\"><em><strong>Por: Carla Jurumenha \u2013 ASCOM FASUBRA Sindical<\/strong><\/em><\/p>\n","protected":false},"excerpt":{"rendered":"<p>No segundo dia da Plen\u00e1ria Nacional Estatut\u00e1ria da Fasubra Sindical as delegadas e delegados \u00e0 Plen\u00e1ria, representando 31 entidades filiadas, deram continuidade ao balan\u00e7o da greve de 2012. Na maioria das falas, os delegados compararam a greve realizada em 2011 com o movimento encampado agora em 2012. A avalia\u00e7\u00e3o da maioria dos delegados presentes foi [&hellip;]<\/p>\n","protected":false},"author":2,"featured_media":0,"comment_status":"open","ping_status":"open","sticky":false,"template":"","format":"standard","meta":[],"categories":[5,18],"tags":[],"_links":{"self":[{"href":"https:\/\/sintema.org.br\/sintema\/wp-json\/wp\/v2\/posts\/3035"}],"collection":[{"href":"https:\/\/sintema.org.br\/sintema\/wp-json\/wp\/v2\/posts"}],"about":[{"href":"https:\/\/sintema.org.br\/sintema\/wp-json\/wp\/v2\/types\/post"}],"author":[{"embeddable":true,"href":"https:\/\/sintema.org.br\/sintema\/wp-json\/wp\/v2\/users\/2"}],"replies":[{"embeddable":true,"href":"https:\/\/sintema.org.br\/sintema\/wp-json\/wp\/v2\/comments?post=3035"}],"version-history":[{"count":1,"href":"https:\/\/sintema.org.br\/sintema\/wp-json\/wp\/v2\/posts\/3035\/revisions"}],"predecessor-version":[{"id":3037,"href":"https:\/\/sintema.org.br\/sintema\/wp-json\/wp\/v2\/posts\/3035\/revisions\/3037"}],"wp:attachment":[{"href":"https:\/\/sintema.org.br\/sintema\/wp-json\/wp\/v2\/media?parent=3035"}],"wp:term":[{"taxonomy":"category","embeddable":true,"href":"https:\/\/sintema.org.br\/sintema\/wp-json\/wp\/v2\/categories?post=3035"},{"taxonomy":"post_tag","embeddable":true,"href":"https:\/\/sintema.org.br\/sintema\/wp-json\/wp\/v2\/tags?post=3035"}],"curies":[{"name":"wp","href":"https:\/\/api.w.org\/{rel}","templated":true}]}}