{"id":3038,"date":"2012-10-22T09:58:16","date_gmt":"2012-10-22T09:58:16","guid":{"rendered":"http:\/\/sintema.org.br\/sintema\/?p=3038"},"modified":"2012-10-22T10:17:07","modified_gmt":"2012-10-22T10:17:07","slug":"dia-23-sintema-coordena-atividades-na-semana-comemorativa-da-ufma","status":"publish","type":"post","link":"https:\/\/sintema.org.br\/sintema\/dia-23-sintema-coordena-atividades-na-semana-comemorativa-da-ufma\/","title":{"rendered":"Dia 23: Sintema coordena atividades na semana comemorativa da Ufma"},"content":{"rendered":"<p><a href=\"http:\/\/sintema.org.br\/sintema\/wp-content\/uploads\/2012\/10\/servidor_publico.jpg\"><img loading=\"lazy\" class=\"alignnone size-medium wp-image-3039\" title=\"servidor_publico\" src=\"http:\/\/sintema.org.br\/sintema\/wp-content\/uploads\/2012\/10\/servidor_publico-300x199.jpg\" alt=\"\" width=\"300\" height=\"199\" srcset=\"https:\/\/sintema.org.br\/sintema\/wp-content\/uploads\/2012\/10\/servidor_publico-300x199.jpg 300w, https:\/\/sintema.org.br\/sintema\/wp-content\/uploads\/2012\/10\/servidor_publico-500x333.jpg 500w, https:\/\/sintema.org.br\/sintema\/wp-content\/uploads\/2012\/10\/servidor_publico.jpg 521w\" sizes=\"(max-width: 300px) 100vw, 300px\" \/><\/a><\/p>\n<p>&nbsp;<\/p>\n<p>Como parte da programa\u00e7\u00e3o em comemora\u00e7\u00e3o ao Dia do Professor, Dia do Servidor P\u00fablico e anivers\u00e1rio da Ufma, o Sintema desenvolver\u00e1 amanh\u00e3 (23), atividades voltadas para os servidores da universidade.<\/p>\n<p>&nbsp;<\/p>\n<p>N\u00e3o deixe de participar!<\/p>\n<p>&nbsp;<\/p>\n<p>Confira a programa\u00e7\u00e3o:<\/p>\n<p>&nbsp;<\/p>\n<p><strong>\u00a09h00: Caminhada com orienta\u00e7\u00e3o de exerc\u00edcios de alongamento (Coordena\u00e7\u00e3o: Thaliane Maia, Fisioterapeuta, e estudantes\/bolsistas de Educa\u00e7\u00e3o F\u00edsica) e distribui\u00e7\u00e3o de material informativo sobre Sa\u00fade Vocal em alus\u00e3o ao Dia do Professor (Coordena\u00e7\u00e3o: Josy Garrido, Fonoaudi\u00f3loga).<\/strong><\/p>\n<p><strong>\u00a0<\/strong><\/p>\n<p><strong>09h00: Assembl\u00e9ia Geral do SINTEMA, com espa\u00e7o de reflex\u00e3o sobre \u201cO Papel dos Trabalhadores das IFES\u201d, no hall do Castel\u00e3o.<\/strong><\/p>\n","protected":false},"excerpt":{"rendered":"<p>&nbsp; Como parte da programa\u00e7\u00e3o em comemora\u00e7\u00e3o ao Dia do Professor, Dia do Servidor P\u00fablico e anivers\u00e1rio da Ufma, o Sintema desenvolver\u00e1 amanh\u00e3 (23), atividades voltadas para os servidores da universidade. &nbsp; N\u00e3o deixe de participar! &nbsp; Confira a programa\u00e7\u00e3o: &nbsp; \u00a09h00: Caminhada com orienta\u00e7\u00e3o de exerc\u00edcios de alongamento (Coordena\u00e7\u00e3o: Thaliane Maia, Fisioterapeuta, e estudantes\/bolsistas [&hellip;]<\/p>\n","protected":false},"author":2,"featured_media":0,"comment_status":"open","ping_status":"open","sticky":false,"template":"","format":"standard","meta":[],"categories":[12,5],"tags":[],"_links":{"self":[{"href":"https:\/\/sintema.org.br\/sintema\/wp-json\/wp\/v2\/posts\/3038"}],"collection":[{"href":"https:\/\/sintema.org.br\/sintema\/wp-json\/wp\/v2\/posts"}],"about":[{"href":"https:\/\/sintema.org.br\/sintema\/wp-json\/wp\/v2\/types\/post"}],"author":[{"embeddable":true,"href":"https:\/\/sintema.org.br\/sintema\/wp-json\/wp\/v2\/users\/2"}],"replies":[{"embeddable":true,"href":"https:\/\/sintema.org.br\/sintema\/wp-json\/wp\/v2\/comments?post=3038"}],"version-history":[{"count":5,"href":"https:\/\/sintema.org.br\/sintema\/wp-json\/wp\/v2\/posts\/3038\/revisions"}],"predecessor-version":[{"id":3043,"href":"https:\/\/sintema.org.br\/sintema\/wp-json\/wp\/v2\/posts\/3038\/revisions\/3043"}],"wp:attachment":[{"href":"https:\/\/sintema.org.br\/sintema\/wp-json\/wp\/v2\/media?parent=3038"}],"wp:term":[{"taxonomy":"category","embeddable":true,"href":"https:\/\/sintema.org.br\/sintema\/wp-json\/wp\/v2\/categories?post=3038"},{"taxonomy":"post_tag","embeddable":true,"href":"https:\/\/sintema.org.br\/sintema\/wp-json\/wp\/v2\/tags?post=3038"}],"curies":[{"name":"wp","href":"https:\/\/api.w.org\/{rel}","templated":true}]}}