{"id":3046,"date":"2012-10-23T11:19:07","date_gmt":"2012-10-23T11:19:07","guid":{"rendered":"http:\/\/sintema.org.br\/sintema\/?p=3046"},"modified":"2012-10-23T11:19:07","modified_gmt":"2012-10-23T11:19:07","slug":"obituario-mirtes-maria-fontoura-fioravante","status":"publish","type":"post","link":"https:\/\/sintema.org.br\/sintema\/obituario-mirtes-maria-fontoura-fioravante\/","title":{"rendered":"Obitu\u00e1rio &#8211; MIRTES MARIA FONTOURA FIORAVANTE"},"content":{"rendered":"<p align=\"justify\"><a href=\"http:\/\/sintema.org.br\/sintema\/wp-content\/uploads\/2012\/09\/falecimentoooo.jpg\"><img loading=\"lazy\" class=\"alignnone size-medium wp-image-2899\" title=\"falecimentoooo\" src=\"http:\/\/sintema.org.br\/sintema\/wp-content\/uploads\/2012\/09\/falecimentoooo-300x186.jpg\" alt=\"\" width=\"300\" height=\"186\" srcset=\"https:\/\/sintema.org.br\/sintema\/wp-content\/uploads\/2012\/09\/falecimentoooo-300x186.jpg 300w, https:\/\/sintema.org.br\/sintema\/wp-content\/uploads\/2012\/09\/falecimentoooo.jpg 451w\" sizes=\"(max-width: 300px) 100vw, 300px\" \/><\/a><\/p>\n<p align=\"justify\">A diretoria do Sintema comunica a toda categoria, o falecimento da associada Aposentada &#8211;\u00a0MIRTES MARIA FONTOURA FIORAVANTE &#8211; ocorrido ontem, dia\u00a022 de outubro de 2012.<\/p>\n<p>O corpo est\u00e1 sendo velado desde \u00e0s 18h de ontem na Central de Vel\u00f3rio da Pax Uni\u00e3o (rua grande, pr\u00f3ximo a caixa d\u00e1gua). O enterro acontece na manh\u00e3 de hoje, e at\u00e9 a presente data n\u00e3o foi repassado o local do mesmo.<\/p>\n<p>Toda a Dire\u00e7\u00e3o do Sindicato presta as homenagens a esta que em vida muito contribuiu com a luta da categoria por dias melhores.<\/p>\n<p>&nbsp;<\/p>\n","protected":false},"excerpt":{"rendered":"<p>A diretoria do Sintema comunica a toda categoria, o falecimento da associada Aposentada &#8211;\u00a0MIRTES MARIA FONTOURA FIORAVANTE &#8211; ocorrido ontem, dia\u00a022 de outubro de 2012. O corpo est\u00e1 sendo velado desde \u00e0s 18h de ontem na Central de Vel\u00f3rio da Pax Uni\u00e3o (rua grande, pr\u00f3ximo a caixa d\u00e1gua). O enterro acontece na manh\u00e3 de hoje, [&hellip;]<\/p>\n","protected":false},"author":2,"featured_media":0,"comment_status":"open","ping_status":"open","sticky":false,"template":"","format":"standard","meta":[],"categories":[5,8],"tags":[],"_links":{"self":[{"href":"https:\/\/sintema.org.br\/sintema\/wp-json\/wp\/v2\/posts\/3046"}],"collection":[{"href":"https:\/\/sintema.org.br\/sintema\/wp-json\/wp\/v2\/posts"}],"about":[{"href":"https:\/\/sintema.org.br\/sintema\/wp-json\/wp\/v2\/types\/post"}],"author":[{"embeddable":true,"href":"https:\/\/sintema.org.br\/sintema\/wp-json\/wp\/v2\/users\/2"}],"replies":[{"embeddable":true,"href":"https:\/\/sintema.org.br\/sintema\/wp-json\/wp\/v2\/comments?post=3046"}],"version-history":[{"count":2,"href":"https:\/\/sintema.org.br\/sintema\/wp-json\/wp\/v2\/posts\/3046\/revisions"}],"predecessor-version":[{"id":3048,"href":"https:\/\/sintema.org.br\/sintema\/wp-json\/wp\/v2\/posts\/3046\/revisions\/3048"}],"wp:attachment":[{"href":"https:\/\/sintema.org.br\/sintema\/wp-json\/wp\/v2\/media?parent=3046"}],"wp:term":[{"taxonomy":"category","embeddable":true,"href":"https:\/\/sintema.org.br\/sintema\/wp-json\/wp\/v2\/categories?post=3046"},{"taxonomy":"post_tag","embeddable":true,"href":"https:\/\/sintema.org.br\/sintema\/wp-json\/wp\/v2\/tags?post=3046"}],"curies":[{"name":"wp","href":"https:\/\/api.w.org\/{rel}","templated":true}]}}