{"id":3049,"date":"2012-10-23T16:24:08","date_gmt":"2012-10-23T16:24:08","guid":{"rendered":"http:\/\/sintema.org.br\/sintema\/?p=3049"},"modified":"2012-10-23T16:31:45","modified_gmt":"2012-10-23T16:31:45","slug":"sintema-promove-cafe-da-manha-e-assembleia-geral-no-campus","status":"publish","type":"post","link":"https:\/\/sintema.org.br\/sintema\/sintema-promove-cafe-da-manha-e-assembleia-geral-no-campus\/","title":{"rendered":"Sintema promove caf\u00e9 da manh\u00e3 e assembleia geral no campus"},"content":{"rendered":"[caption id=\"attachment_3050\" align=\"alignnone\" width=\"300\"]<a href=\"http:\/\/sintema.org.br\/sintema\/wp-content\/uploads\/2012\/10\/plenario.jpg\"><img loading=\"lazy\" class=\"size-medium wp-image-3050 \" title=\"plenario\" src=\"http:\/\/sintema.org.br\/sintema\/wp-content\/uploads\/2012\/10\/plenario-300x199.jpg\" alt=\"\" width=\"300\" height=\"199\" srcset=\"https:\/\/sintema.org.br\/sintema\/wp-content\/uploads\/2012\/10\/plenario-300x199.jpg 300w, https:\/\/sintema.org.br\/sintema\/wp-content\/uploads\/2012\/10\/plenario-500x332.jpg 500w, https:\/\/sintema.org.br\/sintema\/wp-content\/uploads\/2012\/10\/plenario.jpg 1024w\" sizes=\"(max-width: 300px) 100vw, 300px\" \/><\/a> Clima descontra\u00eddo tomou conta da assembleia geral.[\/caption]\n<p style=\"text-align: justify;\">Na manh\u00e3 de hoje (23), a diretoria do Sintema coordenou as atividades voltadas para confraternizar os servidores T\u00e9cnico-administrativos em Educa\u00e7\u00e3o da Ufma. Logo cedo, \u00e0s 8:30h, os trabalhadores degustaram de forma conjunta e em ambiente harmonioso e descontra\u00eddo, um delicioso caf\u00e9 da manh\u00e3 oferecido pelo Sintema.<\/p>\n[caption id=\"attachment_3051\" align=\"alignnone\" width=\"300\"]<a href=\"http:\/\/sintema.org.br\/sintema\/wp-content\/uploads\/2012\/10\/cafedamanha.jpg\"><img loading=\"lazy\" class=\"size-medium wp-image-3051\" title=\"cafedamanha\" src=\"http:\/\/sintema.org.br\/sintema\/wp-content\/uploads\/2012\/10\/cafedamanha-300x199.jpg\" alt=\"\" width=\"300\" height=\"199\" srcset=\"https:\/\/sintema.org.br\/sintema\/wp-content\/uploads\/2012\/10\/cafedamanha-300x199.jpg 300w, https:\/\/sintema.org.br\/sintema\/wp-content\/uploads\/2012\/10\/cafedamanha-500x332.jpg 500w, https:\/\/sintema.org.br\/sintema\/wp-content\/uploads\/2012\/10\/cafedamanha.jpg 1024w\" sizes=\"(max-width: 300px) 100vw, 300px\" \/><\/a> Servidores tomam caf\u00e9 da manh\u00e3 antes de iniciar a assembleia geral.[\/caption]\n<p style=\"text-align: justify;\"><a href=\"http:\/\/sintema.org.br\/sintema\/wp-content\/uploads\/2012\/10\/cafedamanhaum.jpg\"><img loading=\"lazy\" class=\"alignnone size-medium wp-image-3052\" title=\"cafedamanhaum\" src=\"http:\/\/sintema.org.br\/sintema\/wp-content\/uploads\/2012\/10\/cafedamanhaum-300x199.jpg\" alt=\"\" width=\"300\" height=\"199\" srcset=\"https:\/\/sintema.org.br\/sintema\/wp-content\/uploads\/2012\/10\/cafedamanhaum-300x199.jpg 300w, https:\/\/sintema.org.br\/sintema\/wp-content\/uploads\/2012\/10\/cafedamanhaum-500x332.jpg 500w, https:\/\/sintema.org.br\/sintema\/wp-content\/uploads\/2012\/10\/cafedamanhaum.jpg 1024w\" sizes=\"(max-width: 300px) 100vw, 300px\" \/><\/a><\/p>\n<p style=\"text-align: justify;\">Em seguida, \u00e0s 9:30h, a assembleia geral foi iniciada com a participa\u00e7\u00e3o dos presidentes da ASSUMA (Associa\u00e7\u00e3o dos Servidores da Ufma) e SINTEMA, Silva Gonsioroski e Mariano Azevedo respectivamente, vice-presidente do SINTEMA e da AAUFMA (Associa\u00e7\u00e3o dos Amigos da Ufma), Domingos Ferreira, al\u00e9m do Advogado e assessor jur\u00eddico do Sindicato, Dr. Davi Teles.<\/p>\n[caption id=\"attachment_3053\" align=\"alignnone\" width=\"300\"]<a href=\"http:\/\/sintema.org.br\/sintema\/wp-content\/uploads\/2012\/10\/mesacompleta.jpg\"><img loading=\"lazy\" class=\"size-medium wp-image-3053 \" title=\"mesacompleta\" src=\"http:\/\/sintema.org.br\/sintema\/wp-content\/uploads\/2012\/10\/mesacompleta-300x199.jpg\" alt=\"\" width=\"300\" height=\"199\" srcset=\"https:\/\/sintema.org.br\/sintema\/wp-content\/uploads\/2012\/10\/mesacompleta-300x199.jpg 300w, https:\/\/sintema.org.br\/sintema\/wp-content\/uploads\/2012\/10\/mesacompleta-500x332.jpg 500w, https:\/\/sintema.org.br\/sintema\/wp-content\/uploads\/2012\/10\/mesacompleta.jpg 1024w\" sizes=\"(max-width: 300px) 100vw, 300px\" \/><\/a> Mariano Azevedo fala da for\u00e7a de vontade e determina\u00e7\u00e3o que movem os trabalhos da atual gest\u00e3o no Sintema.[\/caption]\n[caption id=\"attachment_3054\" align=\"alignnone\" width=\"300\"]<a href=\"http:\/\/sintema.org.br\/sintema\/wp-content\/uploads\/2012\/10\/umminutosilencio.jpg\"><img loading=\"lazy\" class=\"size-medium wp-image-3054\" title=\"umminutosilencio\" src=\"http:\/\/sintema.org.br\/sintema\/wp-content\/uploads\/2012\/10\/umminutosilencio-300x199.jpg\" alt=\"\" width=\"300\" height=\"199\" srcset=\"https:\/\/sintema.org.br\/sintema\/wp-content\/uploads\/2012\/10\/umminutosilencio-300x199.jpg 300w, https:\/\/sintema.org.br\/sintema\/wp-content\/uploads\/2012\/10\/umminutosilencio-500x332.jpg 500w, https:\/\/sintema.org.br\/sintema\/wp-content\/uploads\/2012\/10\/umminutosilencio.jpg 1024w\" sizes=\"(max-width: 300px) 100vw, 300px\" \/><\/a> Um minuto de sil\u00eancio em mem\u00f3ria da associada Mirtes Fontoura.[\/caption]\n<p style=\"text-align: justify;\">Iniciando o ato, Mariano pediu um minuto de sil\u00eancio em mem\u00f3ria da associada Aposentada Mirtes Fontoura, falecida no dia de ontem (22). Em seguida, o presidente do Sintema, enfatizou a uni\u00e3o das Entidades representativas dos servidores e discentes da Ufma (Assuma, Aaufma, Sintema e DCE) em torno das atividades desenvolvidas na Semana comemorativa ao Dia do Professor, Dia do Servidor P\u00fablico e anivers\u00e1rio da Ufma.<\/p>\n[caption id=\"attachment_3055\" align=\"alignnone\" width=\"300\"]<a href=\"http:\/\/sintema.org.br\/sintema\/wp-content\/uploads\/2012\/10\/silvagonsioroski.jpg\"><img loading=\"lazy\" class=\"size-medium wp-image-3055\" title=\"silvagonsioroski\" src=\"http:\/\/sintema.org.br\/sintema\/wp-content\/uploads\/2012\/10\/silvagonsioroski-300x199.jpg\" alt=\"\" width=\"300\" height=\"199\" srcset=\"https:\/\/sintema.org.br\/sintema\/wp-content\/uploads\/2012\/10\/silvagonsioroski-300x199.jpg 300w, https:\/\/sintema.org.br\/sintema\/wp-content\/uploads\/2012\/10\/silvagonsioroski-500x332.jpg 500w, https:\/\/sintema.org.br\/sintema\/wp-content\/uploads\/2012\/10\/silvagonsioroski.jpg 1024w\" sizes=\"(max-width: 300px) 100vw, 300px\" \/><\/a> Silva Gonsioroski, presidente da ASSUMA, destacou o momento \u00edmpar vivido pelas Entidades e seus representados na Ufma.[\/caption]\n<p style=\"text-align: justify;\">Gonsioroski destacou o momento \u00edmpar em que as Entidades vivem, j\u00e1 que essa uni\u00e3o tem o objetivo de fortalecer a harmonia e a luta da categoria. J\u00e1 Domingos Ferreira, pela Aaufma, fez quest\u00e3o de destacar os objetivos da Entidade (bem estar, lazer, qualidade de vida e promo\u00e7\u00e3o social dos associados, etc.).<\/p>\n[caption id=\"attachment_3056\" align=\"alignnone\" width=\"300\"]<a href=\"http:\/\/sintema.org.br\/sintema\/wp-content\/uploads\/2012\/10\/domingos.jpg\"><img loading=\"lazy\" class=\"size-medium wp-image-3056\" title=\"domingos\" src=\"http:\/\/sintema.org.br\/sintema\/wp-content\/uploads\/2012\/10\/domingos-300x199.jpg\" alt=\"\" width=\"300\" height=\"199\" srcset=\"https:\/\/sintema.org.br\/sintema\/wp-content\/uploads\/2012\/10\/domingos-300x199.jpg 300w, https:\/\/sintema.org.br\/sintema\/wp-content\/uploads\/2012\/10\/domingos-500x332.jpg 500w, https:\/\/sintema.org.br\/sintema\/wp-content\/uploads\/2012\/10\/domingos.jpg 1024w\" sizes=\"(max-width: 300px) 100vw, 300px\" \/><\/a> Domingos Ferreira fala pela AAUFMA e destaca a\u00e7\u00f5es conjuntas das Entidades.[\/caption]\n<p style=\"text-align: justify;\">\u201cA uni\u00e3o das Entidades representativas \u00e9 muito salutar neste momento em que precisamos unir for\u00e7as na defesa de todo o conjunto dos trabalhadores\u201d, completou Ferreira.<\/p>\n<p style=\"text-align: justify;\">Antes de repassar a palavra ao Dr. Davi Teles para in\u00edcio dos informes jur\u00eddicos, Mariano Azevedo tamb\u00e9m avaliou positivamente o momento de celebra\u00e7\u00e3o na Ufma, refor\u00e7ou o convite para a participa\u00e7\u00e3o de todos e todas no encerramento das atividades festivas que acontecer\u00e1 dia 27 de outubro (s\u00e1bado) na Assuma e, pontuou a atua\u00e7\u00e3o firme e decisiva que a atual gest\u00e3o Unidade &amp; Trabalho v\u00eam desenvolvendo a frente do Sintema.<\/p>\n<p style=\"text-align: justify;\">30 Horas &#8211; No decorrer da assembleia, Mariano Azevedo convocou a associada Silvia Mineu, da Divis\u00e3o de Capacita\u00e7\u00e3o &#8211; DICAP, para falar sobre o abaixo-assinado que est\u00e1 sendo divulgado aos servidores da Ufma e que tem o apoio integral da Dire\u00e7\u00e3o do Sintema. Na oportunidade, Silvia destacou a import\u00e2ncia da assinatura do documento por todos os trabalhadores, com o intuito de refor\u00e7ar a luta e respaldar o Sindicato nas negocia\u00e7\u00f5es em torno da demanda.<\/p>\n[caption id=\"attachment_3057\" align=\"alignnone\" width=\"300\"]<a href=\"http:\/\/sintema.org.br\/sintema\/wp-content\/uploads\/2012\/10\/silvia.jpg\"><img loading=\"lazy\" class=\"size-medium wp-image-3057\" title=\"silvia\" src=\"http:\/\/sintema.org.br\/sintema\/wp-content\/uploads\/2012\/10\/silvia-300x199.jpg\" alt=\"\" width=\"300\" height=\"199\" srcset=\"https:\/\/sintema.org.br\/sintema\/wp-content\/uploads\/2012\/10\/silvia-300x199.jpg 300w, https:\/\/sintema.org.br\/sintema\/wp-content\/uploads\/2012\/10\/silvia-500x332.jpg 500w, https:\/\/sintema.org.br\/sintema\/wp-content\/uploads\/2012\/10\/silvia.jpg 1024w\" sizes=\"(max-width: 300px) 100vw, 300px\" \/><\/a> Associada Silvia Mineu da Divis\u00e3o de Capacita\u00e7\u00e3o\/DDRH-Ufma.[\/caption]\n<p style=\"text-align: justify;\">Os trabalhadores interessados em assinar o documento podem se dirigir a Divis\u00e3o de Capacita\u00e7\u00e3o na DDRH\/Ufma. N\u00e3o deixe de contribuir!<\/p>\n<p style=\"text-align: justify;\">O presidente do Sintema falou tamb\u00e9m sobre o XXI Semin\u00e1rio Nacional de Seguran\u00e7a das IPES, promovido pela FASUBRA e que acontece de 26 de novembro \u00e0 1\u00ba de dezembro na Universidade Federal do Par\u00e1 \u2013 Ufpa, oportunidade em que o Sintema patrocinar\u00e1 a participa\u00e7\u00e3o de oito servidores Vigilantes da Ufma no evento.<\/p>\n<p style=\"text-align: justify;\">\u00a0Ao final o assessor jur\u00eddico e Advogado do Sintema, Dr. Davi Teles falou das A\u00e7\u00f5es Judiciais impetradas pelo Sindicato em favor dos associados. Confira os detalhes em mat\u00e9ria espec\u00edfica dispon\u00edvel nesta p\u00e1gina.<\/p>\n<p style=\"text-align: justify;\"><strong><em>Fonte: Imprensa Sintema.<\/em><\/strong><\/p>\n","protected":false},"excerpt":{"rendered":"<p>Na manh\u00e3 de hoje (23), a diretoria do Sintema coordenou as atividades voltadas para confraternizar os servidores T\u00e9cnico-administrativos em Educa\u00e7\u00e3o da Ufma. Logo cedo, \u00e0s 8:30h, os trabalhadores degustaram de forma conjunta e em ambiente harmonioso e descontra\u00eddo, um delicioso caf\u00e9 da manh\u00e3 oferecido pelo Sintema. Em seguida, \u00e0s 9:30h, a assembleia geral foi iniciada [&hellip;]<\/p>\n","protected":false},"author":2,"featured_media":0,"comment_status":"open","ping_status":"open","sticky":false,"template":"","format":"standard","meta":[],"categories":[12,5],"tags":[],"_links":{"self":[{"href":"https:\/\/sintema.org.br\/sintema\/wp-json\/wp\/v2\/posts\/3049"}],"collection":[{"href":"https:\/\/sintema.org.br\/sintema\/wp-json\/wp\/v2\/posts"}],"about":[{"href":"https:\/\/sintema.org.br\/sintema\/wp-json\/wp\/v2\/types\/post"}],"author":[{"embeddable":true,"href":"https:\/\/sintema.org.br\/sintema\/wp-json\/wp\/v2\/users\/2"}],"replies":[{"embeddable":true,"href":"https:\/\/sintema.org.br\/sintema\/wp-json\/wp\/v2\/comments?post=3049"}],"version-history":[{"count":5,"href":"https:\/\/sintema.org.br\/sintema\/wp-json\/wp\/v2\/posts\/3049\/revisions"}],"predecessor-version":[{"id":3059,"href":"https:\/\/sintema.org.br\/sintema\/wp-json\/wp\/v2\/posts\/3049\/revisions\/3059"}],"wp:attachment":[{"href":"https:\/\/sintema.org.br\/sintema\/wp-json\/wp\/v2\/media?parent=3049"}],"wp:term":[{"taxonomy":"category","embeddable":true,"href":"https:\/\/sintema.org.br\/sintema\/wp-json\/wp\/v2\/categories?post=3049"},{"taxonomy":"post_tag","embeddable":true,"href":"https:\/\/sintema.org.br\/sintema\/wp-json\/wp\/v2\/tags?post=3049"}],"curies":[{"name":"wp","href":"https:\/\/api.w.org\/{rel}","templated":true}]}}