{"id":3064,"date":"2012-10-23T17:08:27","date_gmt":"2012-10-23T17:08:27","guid":{"rendered":"http:\/\/sintema.org.br\/sintema\/?p=3064"},"modified":"2012-10-23T17:08:27","modified_gmt":"2012-10-23T17:08:27","slug":"fasubra-inicia-o-planejamento-estrategico","status":"publish","type":"post","link":"https:\/\/sintema.org.br\/sintema\/fasubra-inicia-o-planejamento-estrategico\/","title":{"rendered":"FASUBRA INICIA O PLANEJAMENTO ESTRAT\u00c9GICO"},"content":{"rendered":"<p><a href=\"http:\/\/sintema.org.br\/sintema\/wp-content\/uploads\/2012\/10\/pe01.jpg\"><img loading=\"lazy\" class=\"alignnone size-medium wp-image-3065\" title=\"pe01\" src=\"http:\/\/sintema.org.br\/sintema\/wp-content\/uploads\/2012\/10\/pe01-300x225.jpg\" alt=\"\" width=\"300\" height=\"225\" srcset=\"https:\/\/sintema.org.br\/sintema\/wp-content\/uploads\/2012\/10\/pe01-300x225.jpg 300w, https:\/\/sintema.org.br\/sintema\/wp-content\/uploads\/2012\/10\/pe01-500x375.jpg 500w, https:\/\/sintema.org.br\/sintema\/wp-content\/uploads\/2012\/10\/pe01.jpg 800w\" sizes=\"(max-width: 300px) 100vw, 300px\" \/><\/a><\/p>\n<p>A Federa\u00e7\u00e3o de Sindicatos de Trabalhadores T\u00e9cnico-administrativos em Institui\u00e7\u00f5es de Ensino Superior P\u00fablicas do Brasil (FASUBRA) iniciou nesta ter\u00e7a feira (23) a constru\u00e7\u00e3o do seu planejamento estrat\u00e9gico.<\/p>\n<p>A reuni\u00e3o com a dire\u00e7\u00e3o nacional est\u00e1 acontecendo em Bras\u00edlia na sede do Hotel Araccoara. A media\u00e7\u00e3o ficou por conta de Maria Val\u00e9ria Monteiro Leite, T\u00e9cnica da Coordena\u00e7\u00e3o de Educa\u00e7\u00e3o &#8211; DIEESE Escrit\u00f3rio Nacional.<\/p>\n<p>Os trabalhos se iniciaram com uma breve apresenta\u00e7\u00e3o da Dire\u00e7\u00e3o Nacional e com o levantamento das principais expectativas dos participantes. As reuni\u00f5es acontecem durante todo o dia e v\u00e3o at\u00e9 o dia 25. As metas e objetivos tra\u00e7ados durante o planejamento, nortear\u00e3o a gest\u00e3o da FASUBRA nos pr\u00f3ximos anos.<\/p>\n<p>Fonte: www.fasubra.org.br<\/p>\n<p>Por Jo\u00e3o Camilo<br \/>\nJornalista<\/p>\n","protected":false},"excerpt":{"rendered":"<p>A Federa\u00e7\u00e3o de Sindicatos de Trabalhadores T\u00e9cnico-administrativos em Institui\u00e7\u00f5es de Ensino Superior P\u00fablicas do Brasil (FASUBRA) iniciou nesta ter\u00e7a feira (23) a constru\u00e7\u00e3o do seu planejamento estrat\u00e9gico. A reuni\u00e3o com a dire\u00e7\u00e3o nacional est\u00e1 acontecendo em Bras\u00edlia na sede do Hotel Araccoara. A media\u00e7\u00e3o ficou por conta de Maria Val\u00e9ria Monteiro Leite, T\u00e9cnica da Coordena\u00e7\u00e3o [&hellip;]<\/p>\n","protected":false},"author":2,"featured_media":0,"comment_status":"open","ping_status":"open","sticky":false,"template":"","format":"standard","meta":[],"categories":[18],"tags":[],"_links":{"self":[{"href":"https:\/\/sintema.org.br\/sintema\/wp-json\/wp\/v2\/posts\/3064"}],"collection":[{"href":"https:\/\/sintema.org.br\/sintema\/wp-json\/wp\/v2\/posts"}],"about":[{"href":"https:\/\/sintema.org.br\/sintema\/wp-json\/wp\/v2\/types\/post"}],"author":[{"embeddable":true,"href":"https:\/\/sintema.org.br\/sintema\/wp-json\/wp\/v2\/users\/2"}],"replies":[{"embeddable":true,"href":"https:\/\/sintema.org.br\/sintema\/wp-json\/wp\/v2\/comments?post=3064"}],"version-history":[{"count":1,"href":"https:\/\/sintema.org.br\/sintema\/wp-json\/wp\/v2\/posts\/3064\/revisions"}],"predecessor-version":[{"id":3066,"href":"https:\/\/sintema.org.br\/sintema\/wp-json\/wp\/v2\/posts\/3064\/revisions\/3066"}],"wp:attachment":[{"href":"https:\/\/sintema.org.br\/sintema\/wp-json\/wp\/v2\/media?parent=3064"}],"wp:term":[{"taxonomy":"category","embeddable":true,"href":"https:\/\/sintema.org.br\/sintema\/wp-json\/wp\/v2\/categories?post=3064"},{"taxonomy":"post_tag","embeddable":true,"href":"https:\/\/sintema.org.br\/sintema\/wp-json\/wp\/v2\/tags?post=3064"}],"curies":[{"name":"wp","href":"https:\/\/api.w.org\/{rel}","templated":true}]}}