{"id":3074,"date":"2012-10-24T17:25:37","date_gmt":"2012-10-24T17:25:37","guid":{"rendered":"http:\/\/sintema.org.br\/sintema\/?p=3074"},"modified":"2012-10-24T17:39:22","modified_gmt":"2012-10-24T17:39:22","slug":"comunicado-semana-comemorativa-na-ufma","status":"publish","type":"post","link":"https:\/\/sintema.org.br\/sintema\/comunicado-semana-comemorativa-na-ufma\/","title":{"rendered":"COMUNICADO: SEMANA COMEMORATIVA NA UFMA"},"content":{"rendered":"<p><a href=\"http:\/\/sintema.org.br\/sintema\/wp-content\/uploads\/2012\/10\/ATEN\u00c7\u00c3O1.jpg\"><img loading=\"lazy\" class=\"size-large wp-image-3078 aligncenter\" title=\"ATEN\u00c7\u00c3O1\" src=\"http:\/\/sintema.org.br\/sintema\/wp-content\/uploads\/2012\/10\/ATEN\u00c7\u00c3O1-500x159.jpg\" alt=\"\" width=\"500\" height=\"159\" srcset=\"https:\/\/sintema.org.br\/sintema\/wp-content\/uploads\/2012\/10\/ATEN\u00c7\u00c3O1-500x159.jpg 500w, https:\/\/sintema.org.br\/sintema\/wp-content\/uploads\/2012\/10\/ATEN\u00c7\u00c3O1-300x95.jpg 300w, https:\/\/sintema.org.br\/sintema\/wp-content\/uploads\/2012\/10\/ATEN\u00c7\u00c3O1.jpg 1600w\" sizes=\"(max-width: 500px) 100vw, 500px\" \/><\/a><\/p>\n<div align=\"center\">A diretoria do Sintema COMUNICA a toda a categoria que a atividade marcada para amanh\u00e3 (25) \u00e0s 16h (<strong>25\/10 \u2013 16h00:<\/strong>\u00a0Palestra sobre\u00a0<em>\u201cO Papel das Entidades na UFMA\u201d,<\/em>\u00a0no Audit\u00f3rio C\u00f4nego Ribamar Carvalho.), n\u00e3o ir\u00e1 acontecer em virtude de ter sido antecipada e devidamente realizada na manh\u00e3 de ontem (23), no hall do pr\u00e9dio Castel\u00e3o.<\/div>\n<div align=\"center\"><\/div>\n<div align=\"center\">O Sintema comunica ainda que, a atividade marcada na mesma data (dia 25) das 9 \u00e0s 16h, est\u00e1 confirmada para acontecer sem qualquer preju\u00edzo. Participe!<\/div>\n<div align=\"center\"><\/div>\n<div align=\"center\"><strong>25\/10 \u2013 09h00 \u00e0s 16h00:<\/strong>\u00a0A\u00e7\u00e3o Social no\u00a0<em>hall<\/em>\u00a0do Castel\u00e3o.<\/div>\n<div align=\"center\"><\/div>\n","protected":false},"excerpt":{"rendered":"<p>A diretoria do Sintema COMUNICA a toda a categoria que a atividade marcada para amanh\u00e3 (25) \u00e0s 16h (25\/10 \u2013 16h00:\u00a0Palestra sobre\u00a0\u201cO Papel das Entidades na UFMA\u201d,\u00a0no Audit\u00f3rio C\u00f4nego Ribamar Carvalho.), n\u00e3o ir\u00e1 acontecer em virtude de ter sido antecipada e devidamente realizada na manh\u00e3 de ontem (23), no hall do pr\u00e9dio Castel\u00e3o. O Sintema [&hellip;]<\/p>\n","protected":false},"author":2,"featured_media":0,"comment_status":"open","ping_status":"open","sticky":false,"template":"","format":"standard","meta":[],"categories":[12,5],"tags":[],"_links":{"self":[{"href":"https:\/\/sintema.org.br\/sintema\/wp-json\/wp\/v2\/posts\/3074"}],"collection":[{"href":"https:\/\/sintema.org.br\/sintema\/wp-json\/wp\/v2\/posts"}],"about":[{"href":"https:\/\/sintema.org.br\/sintema\/wp-json\/wp\/v2\/types\/post"}],"author":[{"embeddable":true,"href":"https:\/\/sintema.org.br\/sintema\/wp-json\/wp\/v2\/users\/2"}],"replies":[{"embeddable":true,"href":"https:\/\/sintema.org.br\/sintema\/wp-json\/wp\/v2\/comments?post=3074"}],"version-history":[{"count":3,"href":"https:\/\/sintema.org.br\/sintema\/wp-json\/wp\/v2\/posts\/3074\/revisions"}],"predecessor-version":[{"id":3077,"href":"https:\/\/sintema.org.br\/sintema\/wp-json\/wp\/v2\/posts\/3074\/revisions\/3077"}],"wp:attachment":[{"href":"https:\/\/sintema.org.br\/sintema\/wp-json\/wp\/v2\/media?parent=3074"}],"wp:term":[{"taxonomy":"category","embeddable":true,"href":"https:\/\/sintema.org.br\/sintema\/wp-json\/wp\/v2\/categories?post=3074"},{"taxonomy":"post_tag","embeddable":true,"href":"https:\/\/sintema.org.br\/sintema\/wp-json\/wp\/v2\/tags?post=3074"}],"curies":[{"name":"wp","href":"https:\/\/api.w.org\/{rel}","templated":true}]}}