{"id":4197,"date":"2013-10-17T13:24:12","date_gmt":"2013-10-17T13:24:12","guid":{"rendered":"http:\/\/sintema.org.br\/sintema\/?p=4197"},"modified":"2013-10-17T13:24:12","modified_gmt":"2013-10-17T13:24:12","slug":"presidente-do-sintema-participa-do-encontro-de-negros-e-negras-da-fasubra","status":"publish","type":"post","link":"https:\/\/sintema.org.br\/sintema\/presidente-do-sintema-participa-do-encontro-de-negros-e-negras-da-fasubra\/","title":{"rendered":"Presidente do Sintema participa do Encontro de Negros e Negras da FASUBRA"},"content":{"rendered":"<p>O presidente do Sintema, Mariano Azevedo, embarcou na madrugada desta quinta-feira, 17, rumo a Bras\u00edlia-DF, com o intuito de participar do V Encontro de Negros, Negras e Militantes Antirracismo da FASUBRA.<\/p>\n<p><a href=\"http:\/\/sintema.org.br\/sintema\/wp-content\/uploads\/2013\/10\/NEGROSDOIS20131.jpg\"><img loading=\"lazy\" class=\"alignnone  wp-image-4199\" alt=\"NEGROSDOIS20131\" src=\"http:\/\/sintema.org.br\/sintema\/wp-content\/uploads\/2013\/10\/NEGROSDOIS20131.jpg\" width=\"480\" height=\"349\" srcset=\"https:\/\/sintema.org.br\/sintema\/wp-content\/uploads\/2013\/10\/NEGROSDOIS20131.jpg 800w, https:\/\/sintema.org.br\/sintema\/wp-content\/uploads\/2013\/10\/NEGROSDOIS20131-300x217.jpg 300w\" sizes=\"(max-width: 480px) 100vw, 480px\" \/><\/a><\/p>\n<p>O evento j\u00e1 tradicional da Federa\u00e7\u00e3o objetiva discuss\u00f5es acerca de pol\u00edticas publicas voltadas para os Negros e Negras, entre outros. Al\u00e9m de participar do Encontro, Mariano far\u00e1 contato com as lideran\u00e7as nacionais em busca de informes sobre os \u00faltimos acontecimentos e negocia\u00e7\u00f5es da Federa\u00e7\u00e3o com o Governo Federal.<\/p>\n<p>&nbsp;<\/p>\n<p>O evento que come\u00e7a hoje, se estende at\u00e9 19 de outubro, em Bras\u00edlia.<\/p>\n<p>&nbsp;<\/p>\n<p><em>Fonte: Imprensa Sintema com informa\u00e7\u00f5es do Portal Fasubra.<\/em><\/p>\n","protected":false},"excerpt":{"rendered":"<p>O presidente do Sintema, Mariano Azevedo, embarcou na madrugada desta quinta-feira, 17, rumo a Bras\u00edlia-DF, com o intuito de participar do V Encontro de Negros, Negras e Militantes Antirracismo da FASUBRA. O evento j\u00e1 tradicional da Federa\u00e7\u00e3o objetiva discuss\u00f5es acerca de pol\u00edticas publicas voltadas para os Negros e Negras, entre outros. Al\u00e9m de participar do [&hellip;]<\/p>\n","protected":false},"author":2,"featured_media":0,"comment_status":"open","ping_status":"open","sticky":false,"template":"","format":"standard","meta":[],"categories":[5,18],"tags":[],"_links":{"self":[{"href":"https:\/\/sintema.org.br\/sintema\/wp-json\/wp\/v2\/posts\/4197"}],"collection":[{"href":"https:\/\/sintema.org.br\/sintema\/wp-json\/wp\/v2\/posts"}],"about":[{"href":"https:\/\/sintema.org.br\/sintema\/wp-json\/wp\/v2\/types\/post"}],"author":[{"embeddable":true,"href":"https:\/\/sintema.org.br\/sintema\/wp-json\/wp\/v2\/users\/2"}],"replies":[{"embeddable":true,"href":"https:\/\/sintema.org.br\/sintema\/wp-json\/wp\/v2\/comments?post=4197"}],"version-history":[{"count":3,"href":"https:\/\/sintema.org.br\/sintema\/wp-json\/wp\/v2\/posts\/4197\/revisions"}],"predecessor-version":[{"id":4201,"href":"https:\/\/sintema.org.br\/sintema\/wp-json\/wp\/v2\/posts\/4197\/revisions\/4201"}],"wp:attachment":[{"href":"https:\/\/sintema.org.br\/sintema\/wp-json\/wp\/v2\/media?parent=4197"}],"wp:term":[{"taxonomy":"category","embeddable":true,"href":"https:\/\/sintema.org.br\/sintema\/wp-json\/wp\/v2\/categories?post=4197"},{"taxonomy":"post_tag","embeddable":true,"href":"https:\/\/sintema.org.br\/sintema\/wp-json\/wp\/v2\/tags?post=4197"}],"curies":[{"name":"wp","href":"https:\/\/api.w.org\/{rel}","templated":true}]}}