{"id":5103,"date":"2014-08-24T23:47:11","date_gmt":"2014-08-24T23:47:11","guid":{"rendered":"http:\/\/sintema.org.br\/sintema\/?p=5103"},"modified":"2014-08-24T23:47:11","modified_gmt":"2014-08-24T23:47:11","slug":"todos-juntos-pelo-fim-da-cobranca-previdenciaria-dos-aposentados","status":"publish","type":"post","link":"https:\/\/sintema.org.br\/sintema\/todos-juntos-pelo-fim-da-cobranca-previdenciaria-dos-aposentados\/","title":{"rendered":"TODOS JUNTOS PELO FIM DA COBRAN\u00c7A PREVIDENCI\u00c1RIA DOS APOSENTADOS"},"content":{"rendered":"<p><a href=\"http:\/\/sintema.org.br\/sintema\/wp-content\/uploads\/2014\/08\/ARTEPEC5551.jpg\"><img loading=\"lazy\" class=\"alignnone  wp-image-5104\" alt=\"ARTEPEC5551\" src=\"http:\/\/sintema.org.br\/sintema\/wp-content\/uploads\/2014\/08\/ARTEPEC5551.jpg\" width=\"480\" height=\"360\" srcset=\"https:\/\/sintema.org.br\/sintema\/wp-content\/uploads\/2014\/08\/ARTEPEC5551.jpg 800w, https:\/\/sintema.org.br\/sintema\/wp-content\/uploads\/2014\/08\/ARTEPEC5551-300x225.jpg 300w\" sizes=\"(max-width: 480px) 100vw, 480px\" \/><\/a><\/p>\n<p>A Plen\u00e1ria Nacional Estatut\u00e1ria realizada pela FASUBRA Sindical neste final de semana demonstrou a necessidade de fortalecimento da luta pela aprova\u00e7\u00e3o da Proposta de Emenda Constitucional 555\/2006, que revoga o dispositivo da Emenda Constitucional 41 &#8211; Reforma da Previd\u00eancia -, acabando com a cobran\u00e7a de contribui\u00e7\u00e3o previdenci\u00e1ria sobre os proventos dos servidores p\u00fablicos aposentados (Contribui\u00e7\u00e3o de Inativos).<\/p>\n<p align=\"JUSTIFY\">A FASUBRA Sindical, em conjunto com outras entidades do funcionalismo p\u00fablico, vem mobilizando a categoria e articulando-se politicamente para exigir a aprova\u00e7\u00e3o da PEC. No entanto, as press\u00f5es realizadas com v\u00e1rias atividades no Congresso Nacional at\u00e9 agora n\u00e3o foram suficientes para chegarmos a este intento, dado que continua tramitando a passos lentos no Congresso. As a\u00e7\u00f5es agora devem ser no sentido de colocar a PEC em pauta no esfor\u00e7o concentrado para que seja aprovada o mais breve poss\u00edvel.<\/p>\n<p align=\"JUSTIFY\">A mat\u00e9ria j\u00e1 est\u00e1 pronta para ir \u00e0 vota\u00e7\u00e3o pelo Plen\u00e1rio da C\u00e2mara dos Deputados necessitando apenas de vontade pol\u00edtica daquela Casa Legislativa para que ela entre na ordem do dia. Toda a tramita\u00e7\u00e3o da PEC pode ser acompanhada atrav\u00e9s do endere\u00e7o\u00a0<a href=\"http:\/\/www.camara.gov.br\/\">http:\/\/www.camara.gov.br\/<wbr \/>proposicoesWeb\/<wbr \/>fichadetramitacao?<wbr \/>idProposicao=328385<\/a>.<\/p>\n<p align=\"JUSTIFY\">Assim, a FASUBRA Sindical orienta os sindicatos de base a envidar todos os esfor\u00e7os poss\u00edveis para que a PEC entre em vota\u00e7\u00e3o. Os sindicatos devem procurar os parlamentares nos seus estados, buscar no Facebook a p\u00e1gina do deputado e enviar e-mail para pression\u00e1-los a atender o pleito dos aposentados do servi\u00e7o p\u00fablico, exigindo o fim da cobran\u00e7a previdenci\u00e1ria dos aposentados.<\/p>\n<p align=\"LEFT\">A listagem com os e-mail para contato com os deputados federais est\u00e1 dispon\u00edvel no endere\u00e7o de pesquisa da C\u00e2mara dos Deputados (<a href=\"http:\/\/www2.camara.leg.br\/\">http:\/\/www2.camara.leg.br\/<\/a><wbr \/>deputados\/pesquisa).<\/p>\n<p align=\"LEFT\">\n<p align=\"LEFT\">Fonte: Fasubra.<\/p>\n","protected":false},"excerpt":{"rendered":"<p>A Plen\u00e1ria Nacional Estatut\u00e1ria realizada pela FASUBRA Sindical neste final de semana demonstrou a necessidade de fortalecimento da luta pela aprova\u00e7\u00e3o da Proposta de Emenda Constitucional 555\/2006, que revoga o dispositivo da Emenda Constitucional 41 &#8211; Reforma da Previd\u00eancia -, acabando com a cobran\u00e7a de contribui\u00e7\u00e3o previdenci\u00e1ria sobre os proventos dos servidores p\u00fablicos aposentados (Contribui\u00e7\u00e3o [&hellip;]<\/p>\n","protected":false},"author":2,"featured_media":0,"comment_status":"open","ping_status":"open","sticky":false,"template":"","format":"standard","meta":[],"categories":[5,18],"tags":[],"_links":{"self":[{"href":"https:\/\/sintema.org.br\/sintema\/wp-json\/wp\/v2\/posts\/5103"}],"collection":[{"href":"https:\/\/sintema.org.br\/sintema\/wp-json\/wp\/v2\/posts"}],"about":[{"href":"https:\/\/sintema.org.br\/sintema\/wp-json\/wp\/v2\/types\/post"}],"author":[{"embeddable":true,"href":"https:\/\/sintema.org.br\/sintema\/wp-json\/wp\/v2\/users\/2"}],"replies":[{"embeddable":true,"href":"https:\/\/sintema.org.br\/sintema\/wp-json\/wp\/v2\/comments?post=5103"}],"version-history":[{"count":1,"href":"https:\/\/sintema.org.br\/sintema\/wp-json\/wp\/v2\/posts\/5103\/revisions"}],"predecessor-version":[{"id":5105,"href":"https:\/\/sintema.org.br\/sintema\/wp-json\/wp\/v2\/posts\/5103\/revisions\/5105"}],"wp:attachment":[{"href":"https:\/\/sintema.org.br\/sintema\/wp-json\/wp\/v2\/media?parent=5103"}],"wp:term":[{"taxonomy":"category","embeddable":true,"href":"https:\/\/sintema.org.br\/sintema\/wp-json\/wp\/v2\/categories?post=5103"},{"taxonomy":"post_tag","embeddable":true,"href":"https:\/\/sintema.org.br\/sintema\/wp-json\/wp\/v2\/tags?post=5103"}],"curies":[{"name":"wp","href":"https:\/\/api.w.org\/{rel}","templated":true}]}}