{"id":5106,"date":"2014-08-24T23:59:34","date_gmt":"2014-08-24T23:59:34","guid":{"rendered":"http:\/\/sintema.org.br\/sintema\/?p=5106"},"modified":"2014-08-24T23:59:34","modified_gmt":"2014-08-24T23:59:34","slug":"gestao-unidade-trabalho-convida-a-categoria-para-participar-das-comemoracoes-dos-25-anos-do-sintema","status":"publish","type":"post","link":"https:\/\/sintema.org.br\/sintema\/gestao-unidade-trabalho-convida-a-categoria-para-participar-das-comemoracoes-dos-25-anos-do-sintema\/","title":{"rendered":"Gest\u00e3o Unidade &#038; Trabalho convida a categoria para participar das comemora\u00e7\u00f5es dos 25 anos do SINTEMA"},"content":{"rendered":"<p><a href=\"http:\/\/sintema.org.br\/sintema\/wp-content\/uploads\/2014\/08\/logomarca.jpg\"><img loading=\"lazy\" class=\"alignnone  wp-image-5108\" alt=\"logomarca\" src=\"http:\/\/sintema.org.br\/sintema\/wp-content\/uploads\/2014\/08\/logomarca.jpg\" width=\"478\" height=\"332\" srcset=\"https:\/\/sintema.org.br\/sintema\/wp-content\/uploads\/2014\/08\/logomarca.jpg 797w, https:\/\/sintema.org.br\/sintema\/wp-content\/uploads\/2014\/08\/logomarca-300x208.jpg 300w\" sizes=\"(max-width: 478px) 100vw, 478px\" \/><\/a><\/p>\n<p>A gest\u00e3o Unidade &amp; Trabalho convida o conjunto dos trabalhadores T\u00e9cnico-administrativos em Educa\u00e7\u00e3o e Docentes da Universidade Federal do Maranh\u00e3o &#8211; UFMA, para participarem das atividades comemorativas aos 25 anos do SINTEMA.<\/p>\n<p>A programa\u00e7\u00e3o ser\u00e1 realizada ao longo dos dias 29 e 30 de agosto, na UFMA e ASSUMA, respectivamente, com momentos de debates sobre temas afins e de interesse dos trabalhadores, cuidados com a sa\u00fade, bem estar, qualidade de vida, ato ecum\u00eanico e lazer.<\/p>\n<p>A Dire\u00e7\u00e3o do SINTEMA preparou uma programa\u00e7\u00e3o diversificada com o intuito de obter a participa\u00e7\u00e3o de todos os trabalhadores, j\u00e1 que estes s\u00e3o os principais respons\u00e1veis pela exist\u00eancia da entidade Sindical ao longo desses 25 anos.<\/p>\n<p>O SINTEMA, fundado em 30 de agosto de 1989 \u00e9 fruto da luta dos trabalhadores da Universidade Federal do Maranh\u00e3o e da Universidade Estadual do Maranh\u00e3o. Um pouco da hist\u00f3ria sindical, seus personagens, principais lutas, vit\u00f3rias, entre outros, ser\u00e3o relembrados nas comemora\u00e7\u00f5es.<\/p>\n<p>Para garantir a participa\u00e7\u00e3o nas atividades de comemora\u00e7\u00e3o dos 25 anos do SINTEMA, o trabalhador dever\u00e1 doar 1 quilo de alimento n\u00e3o perec\u00edvel que ser\u00e1 revertido ao Programa Mesa Brasil\/SESC.<\/p>\n<p>O evento organizado pelo SINTEMA tem o patroc\u00ednio da UFMA e apoio da Associa\u00e7\u00e3o dos Amigos da UFMA \u2013 AAUFMA, Associa\u00e7\u00e3o dos Servidores da UFMA \u2013 ASSUMA, GEAP SA\u00daDE e Hospital Universit\u00e1rio da UFMA \u2013 HUUFMA.<\/p>\n<p>Confira abaixo a programa\u00e7\u00e3o completa do evento:<\/p>\n<p><a href=\"http:\/\/sintema.org.br\/sintema\/wp-content\/uploads\/2014\/08\/programacao.jpg\"><img loading=\"lazy\" class=\"alignnone size-full wp-image-5109\" alt=\"programacao\" src=\"http:\/\/sintema.org.br\/sintema\/wp-content\/uploads\/2014\/08\/programacao.jpg\" width=\"412\" height=\"915\" srcset=\"https:\/\/sintema.org.br\/sintema\/wp-content\/uploads\/2014\/08\/programacao.jpg 412w, https:\/\/sintema.org.br\/sintema\/wp-content\/uploads\/2014\/08\/programacao-135x300.jpg 135w\" sizes=\"(max-width: 412px) 100vw, 412px\" \/><\/a><\/p>\n<p>&nbsp;<\/p>\n","protected":false},"excerpt":{"rendered":"<p>A gest\u00e3o Unidade &amp; Trabalho convida o conjunto dos trabalhadores T\u00e9cnico-administrativos em Educa\u00e7\u00e3o e Docentes da Universidade Federal do Maranh\u00e3o &#8211; UFMA, para participarem das atividades comemorativas aos 25 anos do SINTEMA. A programa\u00e7\u00e3o ser\u00e1 realizada ao longo dos dias 29 e 30 de agosto, na UFMA e ASSUMA, respectivamente, com momentos de debates sobre [&hellip;]<\/p>\n","protected":false},"author":2,"featured_media":0,"comment_status":"open","ping_status":"open","sticky":false,"template":"","format":"standard","meta":[],"categories":[12,5],"tags":[],"_links":{"self":[{"href":"https:\/\/sintema.org.br\/sintema\/wp-json\/wp\/v2\/posts\/5106"}],"collection":[{"href":"https:\/\/sintema.org.br\/sintema\/wp-json\/wp\/v2\/posts"}],"about":[{"href":"https:\/\/sintema.org.br\/sintema\/wp-json\/wp\/v2\/types\/post"}],"author":[{"embeddable":true,"href":"https:\/\/sintema.org.br\/sintema\/wp-json\/wp\/v2\/users\/2"}],"replies":[{"embeddable":true,"href":"https:\/\/sintema.org.br\/sintema\/wp-json\/wp\/v2\/comments?post=5106"}],"version-history":[{"count":1,"href":"https:\/\/sintema.org.br\/sintema\/wp-json\/wp\/v2\/posts\/5106\/revisions"}],"predecessor-version":[{"id":5110,"href":"https:\/\/sintema.org.br\/sintema\/wp-json\/wp\/v2\/posts\/5106\/revisions\/5110"}],"wp:attachment":[{"href":"https:\/\/sintema.org.br\/sintema\/wp-json\/wp\/v2\/media?parent=5106"}],"wp:term":[{"taxonomy":"category","embeddable":true,"href":"https:\/\/sintema.org.br\/sintema\/wp-json\/wp\/v2\/categories?post=5106"},{"taxonomy":"post_tag","embeddable":true,"href":"https:\/\/sintema.org.br\/sintema\/wp-json\/wp\/v2\/tags?post=5106"}],"curies":[{"name":"wp","href":"https:\/\/api.w.org\/{rel}","templated":true}]}}