{"id":5120,"date":"2014-08-27T15:02:17","date_gmt":"2014-08-27T15:02:17","guid":{"rendered":"http:\/\/sintema.org.br\/sintema\/?p=5120"},"modified":"2014-08-27T15:02:17","modified_gmt":"2014-08-27T15:02:17","slug":"tecnico-administrativo-preside-pela-primeira-vez-colacao-de-grau-do-curso-de-ciencias-biologicas-da-ufrj","status":"publish","type":"post","link":"https:\/\/sintema.org.br\/sintema\/tecnico-administrativo-preside-pela-primeira-vez-colacao-de-grau-do-curso-de-ciencias-biologicas-da-ufrj\/","title":{"rendered":"T\u00e9cnico-administrativo preside pela primeira vez cola\u00e7\u00e3o de grau do curso de Ci\u00eancias Biol\u00f3gicas da UFRJ"},"content":{"rendered":"<p><a href=\"http:\/\/sintema.org.br\/sintema\/wp-content\/uploads\/2014\/08\/AGLAI1.jpg\"><img loading=\"lazy\" class=\"alignnone  wp-image-5121\" alt=\"AGLAI1\" src=\"http:\/\/sintema.org.br\/sintema\/wp-content\/uploads\/2014\/08\/AGLAI1.jpg\" width=\"480\" height=\"360\" srcset=\"https:\/\/sintema.org.br\/sintema\/wp-content\/uploads\/2014\/08\/AGLAI1.jpg 800w, https:\/\/sintema.org.br\/sintema\/wp-content\/uploads\/2014\/08\/AGLAI1-300x225.jpg 300w\" sizes=\"(max-width: 480px) 100vw, 480px\" \/><\/a><\/p>\n<p>Na sexta-feira (22\/8), pela primeira vez na hist\u00f3ria dos TAE, uma trabalhadora t\u00e9cnico-administrativa em Educa\u00e7\u00e3o, presidiu uma sess\u00e3o de cola\u00e7\u00e3o de grau, fato que ocorreu no curso de Ci\u00eancias Biol\u00f3gicas do Instituto de Biologia da Universidade Federal do Rio de Janeiro (UFRJ). Benedita Aglai Oliveira da Silva \u00e9 formada em biologia e possui p\u00f3s-doutorado na \u00e1rea, o que lhe rendeu conhecimento e capacidade suficientes para tornar-se Coordenadora do Curso de Licenciatura em Ci\u00eancias Biol\u00f3gicas, cargo que ocupa atualmente. Para se ter no\u00e7\u00e3o da conquista, a sess\u00e3o solene de cola\u00e7\u00e3o de grau \u00e9 ordinariamente presidida por um docente, com, no m\u00ednimo, titula\u00e7\u00e3o de mestre e outras gradua\u00e7\u00f5es espec\u00edficas acima de bacharelado. Assim, a oportunidade representa o reconhecimento \u00e0 compet\u00eancia do trabalhador(a) t\u00e9cnico-administrativo em educa\u00e7\u00e3o.<\/p>\n<p>Fonte: Fasubra.<\/p>\n","protected":false},"excerpt":{"rendered":"<p>Na sexta-feira (22\/8), pela primeira vez na hist\u00f3ria dos TAE, uma trabalhadora t\u00e9cnico-administrativa em Educa\u00e7\u00e3o, presidiu uma sess\u00e3o de cola\u00e7\u00e3o de grau, fato que ocorreu no curso de Ci\u00eancias Biol\u00f3gicas do Instituto de Biologia da Universidade Federal do Rio de Janeiro (UFRJ). Benedita Aglai Oliveira da Silva \u00e9 formada em biologia e possui p\u00f3s-doutorado na [&hellip;]<\/p>\n","protected":false},"author":2,"featured_media":0,"comment_status":"open","ping_status":"open","sticky":false,"template":"","format":"standard","meta":[],"categories":[5,18],"tags":[],"_links":{"self":[{"href":"https:\/\/sintema.org.br\/sintema\/wp-json\/wp\/v2\/posts\/5120"}],"collection":[{"href":"https:\/\/sintema.org.br\/sintema\/wp-json\/wp\/v2\/posts"}],"about":[{"href":"https:\/\/sintema.org.br\/sintema\/wp-json\/wp\/v2\/types\/post"}],"author":[{"embeddable":true,"href":"https:\/\/sintema.org.br\/sintema\/wp-json\/wp\/v2\/users\/2"}],"replies":[{"embeddable":true,"href":"https:\/\/sintema.org.br\/sintema\/wp-json\/wp\/v2\/comments?post=5120"}],"version-history":[{"count":1,"href":"https:\/\/sintema.org.br\/sintema\/wp-json\/wp\/v2\/posts\/5120\/revisions"}],"predecessor-version":[{"id":5122,"href":"https:\/\/sintema.org.br\/sintema\/wp-json\/wp\/v2\/posts\/5120\/revisions\/5122"}],"wp:attachment":[{"href":"https:\/\/sintema.org.br\/sintema\/wp-json\/wp\/v2\/media?parent=5120"}],"wp:term":[{"taxonomy":"category","embeddable":true,"href":"https:\/\/sintema.org.br\/sintema\/wp-json\/wp\/v2\/categories?post=5120"},{"taxonomy":"post_tag","embeddable":true,"href":"https:\/\/sintema.org.br\/sintema\/wp-json\/wp\/v2\/tags?post=5120"}],"curies":[{"name":"wp","href":"https:\/\/api.w.org\/{rel}","templated":true}]}}