{"id":5127,"date":"2014-08-29T16:37:19","date_gmt":"2014-08-29T16:37:19","guid":{"rendered":"http:\/\/sintema.org.br\/sintema\/?p=5127"},"modified":"2014-09-01T15:28:42","modified_gmt":"2014-09-01T15:28:42","slug":"25-anos-sintema-abertura-reune-autoridades","status":"publish","type":"post","link":"https:\/\/sintema.org.br\/sintema\/25-anos-sintema-abertura-reune-autoridades\/","title":{"rendered":"25 anos SINTEMA: abertura re\u00fane autoridades"},"content":{"rendered":"<p><a href=\"http:\/\/sintema.org.br\/sintema\/wp-content\/uploads\/2014\/08\/mesaaa.jpg\"><img loading=\"lazy\" class=\"alignnone  wp-image-5129\" alt=\"mesaaa\" src=\"http:\/\/sintema.org.br\/sintema\/wp-content\/uploads\/2014\/08\/mesaaa.jpg\" width=\"518\" height=\"389\" srcset=\"https:\/\/sintema.org.br\/sintema\/wp-content\/uploads\/2014\/08\/mesaaa.jpg 576w, https:\/\/sintema.org.br\/sintema\/wp-content\/uploads\/2014\/08\/mesaaa-300x225.jpg 300w\" sizes=\"(max-width: 518px) 100vw, 518px\" \/><\/a><\/p>\n<p>Na manh\u00e3 desta sexta-feira, 29 de agosto, a Dire\u00e7\u00e3o do SINTEMA, gest\u00e3o Unidade &amp; Trabalho deu in\u00edcio ao evento em comemora\u00e7\u00e3o aos 25 anos do Sindicato. Por volta das 8:30h, no audit\u00f3rio central da UFMA, o presidente Mariano Azevedo fez a fala\u00e7\u00e3o de boas vindas aos trabalhadores, e declarou a programa\u00e7\u00e3o oficialmente aberta.<\/p>\n<p>Al\u00e9m do presidente do SINTEMA,\u00a0 a presidente da Associa\u00e7\u00e3o dos Amigos e Amigas da UFMA &#8211; AAUFMA, Gra\u00e7a Ferro, o vice-reitor, Prof. Oliveira, o reitor da UFMA, Natalino Salgado Filho, e o presidente da Associa\u00e7\u00e3o dos Servidores da UFMA &#8211; ASSUMA, Antonio Carlos Leal, compuseram a mesa de abertura.<\/p>\n[caption id=\"attachment_5131\" align=\"alignnone\" width=\"403\"]<a href=\"http:\/\/sintema.org.br\/sintema\/wp-content\/uploads\/2014\/08\/reitor.jpg\"><img loading=\"lazy\" class=\" wp-image-5131\" alt=\"reitor\" src=\"http:\/\/sintema.org.br\/sintema\/wp-content\/uploads\/2014\/08\/reitor.jpg\" width=\"403\" height=\"302\" srcset=\"https:\/\/sintema.org.br\/sintema\/wp-content\/uploads\/2014\/08\/reitor.jpg 576w, https:\/\/sintema.org.br\/sintema\/wp-content\/uploads\/2014\/08\/reitor-300x225.jpg 300w\" sizes=\"(max-width: 403px) 100vw, 403px\" \/><\/a> Reitor da UFMA, Natalino Salgado Filho durante a abertura do evento.[\/caption]\n<p>&nbsp;<\/p>\n<p>Em suas palavras, Natalino Salgado exaltou a luta do Sindicato ao longo desse quarto de s\u00e9culo, afirmando que a exist\u00eancia da Entidade \u00e9 fator primordial para o avan\u00e7o da universidade e da sociedade como um todo. Natalino aproveitou o momento e brindou o SINTEMA com uma placa de RECONHECIMENTO dos 25 anos de exist\u00eancia e luta.<\/p>\n[caption id=\"attachment_5130\" align=\"alignnone\" width=\"546\"]<a href=\"http:\/\/sintema.org.br\/sintema\/wp-content\/uploads\/2014\/08\/placa.jpg\"><img loading=\"lazy\" class=\" wp-image-5130 \" alt=\"placa\" src=\"http:\/\/sintema.org.br\/sintema\/wp-content\/uploads\/2014\/08\/placa.jpg\" width=\"546\" height=\"415\" srcset=\"https:\/\/sintema.org.br\/sintema\/wp-content\/uploads\/2014\/08\/placa.jpg 910w, https:\/\/sintema.org.br\/sintema\/wp-content\/uploads\/2014\/08\/placa-300x227.jpg 300w\" sizes=\"(max-width: 546px) 100vw, 546px\" \/><\/a> Mariano Azevedo recebe das m\u00e3os do reitor da UFMA, Natalino Salgado Filho, a placa de reconhecimento de luta dos 25 anos do SINTEMA.[\/caption]\n<p>&nbsp;<\/p>\n<p>Neste momento os participantes est\u00e3o almo\u00e7ando. A programa\u00e7\u00e3o ser\u00e1 retomada \u00e0s 14h. Participe!<\/p>\n<p>&nbsp;<\/p>\n<p>Acompanhe tudo o que acontece no evento no nosso Facebook. <a href=\"https:\/\/www.facebook.com\/sintema.sindicatotrabalhadores\">Clique aqui!<\/a><\/p>\n<p>&nbsp;<\/p>\n<p>Imprensa Sintema.<\/p>\n","protected":false},"excerpt":{"rendered":"<p>Na manh\u00e3 desta sexta-feira, 29 de agosto, a Dire\u00e7\u00e3o do SINTEMA, gest\u00e3o Unidade &amp; Trabalho deu in\u00edcio ao evento em comemora\u00e7\u00e3o aos 25 anos do Sindicato. Por volta das 8:30h, no audit\u00f3rio central da UFMA, o presidente Mariano Azevedo fez a fala\u00e7\u00e3o de boas vindas aos trabalhadores, e declarou a programa\u00e7\u00e3o oficialmente aberta. Al\u00e9m do [&hellip;]<\/p>\n","protected":false},"author":2,"featured_media":0,"comment_status":"open","ping_status":"open","sticky":false,"template":"","format":"standard","meta":[],"categories":[12,5],"tags":[],"_links":{"self":[{"href":"https:\/\/sintema.org.br\/sintema\/wp-json\/wp\/v2\/posts\/5127"}],"collection":[{"href":"https:\/\/sintema.org.br\/sintema\/wp-json\/wp\/v2\/posts"}],"about":[{"href":"https:\/\/sintema.org.br\/sintema\/wp-json\/wp\/v2\/types\/post"}],"author":[{"embeddable":true,"href":"https:\/\/sintema.org.br\/sintema\/wp-json\/wp\/v2\/users\/2"}],"replies":[{"embeddable":true,"href":"https:\/\/sintema.org.br\/sintema\/wp-json\/wp\/v2\/comments?post=5127"}],"version-history":[{"count":5,"href":"https:\/\/sintema.org.br\/sintema\/wp-json\/wp\/v2\/posts\/5127\/revisions"}],"predecessor-version":[{"id":5143,"href":"https:\/\/sintema.org.br\/sintema\/wp-json\/wp\/v2\/posts\/5127\/revisions\/5143"}],"wp:attachment":[{"href":"https:\/\/sintema.org.br\/sintema\/wp-json\/wp\/v2\/media?parent=5127"}],"wp:term":[{"taxonomy":"category","embeddable":true,"href":"https:\/\/sintema.org.br\/sintema\/wp-json\/wp\/v2\/categories?post=5127"},{"taxonomy":"post_tag","embeddable":true,"href":"https:\/\/sintema.org.br\/sintema\/wp-json\/wp\/v2\/tags?post=5127"}],"curies":[{"name":"wp","href":"https:\/\/api.w.org\/{rel}","templated":true}]}}