{"id":5137,"date":"2014-09-01T15:18:25","date_gmt":"2014-09-01T15:18:25","guid":{"rendered":"http:\/\/sintema.org.br\/sintema\/?p=5137"},"modified":"2014-09-01T15:18:25","modified_gmt":"2014-09-01T15:18:25","slug":"fasubra-trata-de-pontos-pendentes-da-pauta-de-reivindicacoes-da-categoria-em-reuniao-da-cnsc","status":"publish","type":"post","link":"https:\/\/sintema.org.br\/sintema\/fasubra-trata-de-pontos-pendentes-da-pauta-de-reivindicacoes-da-categoria-em-reuniao-da-cnsc\/","title":{"rendered":"FASUBRA TRATA DE PONTOS PENDENTES DA PAUTA DE REIVINDICA\u00c7\u00d5ES DA CATEGORIA EM REUNI\u00c3O DA CNSC"},"content":{"rendered":"<p>Aproveitamento de disciplinas para capacita\u00e7\u00e3o extensivo aos aposentados e racionaliza\u00e7\u00e3o de cargos s\u00e3o alguns dos temas presentes na pauta de reivindica\u00e7\u00f5es dos t\u00e9cnico-administrativos em Educa\u00e7\u00e3o das IFES que foram tratados pelos membros da FASUBRA Sindical na reuni\u00e3o da Comiss\u00e3o Nacional de Supervis\u00e3o da Carreira, ocorrida nesta quarta-feira (27), no Minist\u00e9rio da Educa\u00e7\u00e3o.<\/p>\n<p>A pauta da reuni\u00e3o tamb\u00e9m abordou a reabertura do prazo para ades\u00e3o ao Plano Cargos e Carreiras dos T\u00e9cnico-Administrativos em Educa\u00e7\u00e3o (PCCTAE), o Plano nacional de Desenvolvimento dos Integrantes do PCCTAE, altera\u00e7\u00e3o do Artigo 30 da Lei 12.772\/12 e assuntos pendentes que est\u00e3o em an\u00e1lise na Comiss\u00e3o Nacional de Supervis\u00e3o.<\/p>\n<p>A reuni\u00e3o foi presidida pelo Subsecret\u00e1rio de Assuntos Administrativos do Minist\u00e9rio da Educa\u00e7\u00e3o, Antonio Leonel da Silva Cunha, assessorado pela Coordena\u00e7\u00e3o Geral de Gest\u00e3o de Pessoas, Dulce Trist\u00e3o, que apresentou a pauta da reuni\u00e3o e fez um r\u00e1pido hist\u00f3rico das reuni\u00f5es anteriores da CNSC. A FASUBRA Sindical, logo no in\u00edcio da reuni\u00e3o, sugeriu a invers\u00e3o da pauta para solicitar que a racionaliza\u00e7\u00e3o fosse o primeiro tema a ser debatido e prop\u00f4s uma revis\u00e3o do Plano de Cargos e Carreira dos TAE de forma a atualizar a Lei 11.0912\/2015 para melhor adequ\u00e1-la \u00e0 realidade da universidade e \u00e0s demandas dos TAEs.<\/p>\n<p><img loading=\"lazy\" alt=\"CNSC27082014DOIS1\" src=\"http:\/\/fasubra.org.br\/images\/CNSC27082014DOIS1.jpg\" width=\"480\" height=\"318\" \/><\/p>\n<div>\n<p>O relat\u00f3rio\u00a0detalhado das decis\u00f5es adotadas no \u00e2mbito da Comiss\u00e3o e redigido pelos integrantes da FASUBRA na CNSC\u00a0\u00e9\u00a0 o seguinte:<\/p>\n<p><strong>Reposicionamento dos aposentados<\/strong><\/p>\n<p>Foi cobrado pela bancada da Fasubra uma vez que a CNS j\u00e1 tem posicionamento favor\u00e1vel a esse tema e tamb\u00e9m existe um relat\u00f3rio final do GT. O MEC argumentou que esse processo n\u00e3o houve consenso na mesa de negocia\u00e7\u00e3o e n\u00e3o foi remetido para CNS uma vez que o MPOG apresentou algumas dificuldades na forma proposta e dessa forma foi pedido uma reanalise jur\u00eddica do tema a fim de sanar essas d\u00favidas.<\/p>\n<p><strong>Racionaliza\u00e7\u00e3o<\/strong><\/p>\n<p>Foi feito o encaminhamento em tr\u00eas etapas, a primeira identificar e discutir os consensos e dissensos na proposta\u00a0final da CNSC, acrescida\u00a0\u00a0da que veio\u00a0 da mesa de negocia\u00e7\u00e3o, depois discutir os demais cargos e por fim a descri\u00e7\u00e3o dos cargos e requisitos de ingressos de todos os cargos do PCCTAE.<\/p>\n<p>Foi feito uma an\u00e1lise ponto a ponto da proposta de PL debatida na mesa de negocia\u00e7\u00e3o entre FASUBRA e governo que inclui v\u00e1rios pontos de altera\u00e7\u00f5es da carreira e houve alguns destaques e solicita\u00e7\u00e3o da retirada dos pontos que se referem a temas que n\u00e3o foram remetidos para a CNS, como as altera\u00e7\u00f5es da lei da paridade nas elei\u00e7\u00f5es para reitores.<\/p>\n<p>Durante o debate\u00a0 a representa\u00e7\u00e3o da\u00a0Andifes disse que n\u00e3o haveria problema se o que foi discutido era origin\u00e1rio dos acordos da comiss\u00e3o\u00a0\u00a0e\u00a0a representa\u00e7\u00e3o do\u00a0Sinasefe\u00a0apresentou questionamento uma vez que\u00a0n\u00e3o houve delibera\u00e7\u00e3o nesse tema, pois tinham pontos que n\u00e3o foram debatidos entre seus pares. A representa\u00e7\u00e3o da Fasubra\u00a0argumentou que estes pontos eram origin\u00e1rios da mesa de negocia\u00e7\u00e3o e que os pontos de nossa pauta eram diferentes, em sua maioria, da pauta do Sinasefe e que para eles o processo de negocia\u00e7\u00e3o ainda n\u00e3o foi finalizado. N\u00e3o houve acordo o impossibilitou\u00a0\u00a0a elabora\u00e7\u00e3o do projeto de lei com os temas discutidos na mesa de negocia\u00e7\u00e3o. Dessa forma foi o encaminhamento que a FASUBRA repasse o arquivo discutido na mesa de negocia\u00e7\u00e3o destacando os consensos e dissensos a ser encaminhado a todos os membros da CNS para conhecimento e avalia\u00e7\u00e3o para delibera\u00e7\u00e3o na pr\u00f3xima reuni\u00e3o.<\/p>\n<p><strong>Plano Nacional de Desenvolvimento do PCCTAE<\/strong><\/p>\n<p>Foi feito a apresenta\u00e7\u00e3o pelo MEC e SETEC e dado o encaminhamento de duas pendencias que trata dos crit\u00e9rios de distribui\u00e7\u00e3o de vagas entre as IFE bem como os crit\u00e9rios de sele\u00e7\u00e3o.<\/p>\n<p><strong>Encontro da CIS<\/strong><\/p>\n<p>Foi acordada a data de 11 e 12 de novembro para o evento da CNS com as CIS, podendo ser alterada em uma semana antes ou depois devido a disponibilidade de espa\u00e7o. Ficou definida a programa\u00e7\u00e3o e crit\u00e9rios de participa\u00e7\u00e3o a fim de garantir uma representa\u00e7\u00e3o proporcional devido a limita\u00e7\u00e3o de espa\u00e7o ficando definido que a CIS com at\u00e9 5 membros tem direito a enviar 2 representantes, acima de 5 membros enviar 3 representantes. As IFES sem constitui\u00e7\u00e3o de CIS enviar 2 representantes sendo um da administra\u00e7\u00e3o e outro da representa\u00e7\u00e3o sindical da categoria.<\/p>\n<p>O crit\u00e9rio dos question\u00e1rios e formato dos grupos de trabalhos ser\u00e1 discutido na pr\u00f3xima reuni\u00e3o da CNS.<\/p>\n<p><strong>Manuten\u00e7\u00e3o da posi\u00e7\u00e3o hier\u00e1rquica &#8211; (Artigo 100 RJU)<\/strong><\/p>\n<p>Trata de demanda discutida na mesa de negocia\u00e7\u00e3o referente a situa\u00e7\u00e3o de t\u00e9cnico-administrativos que trocaram de cargo por concurso p\u00fablico que reivindicam garantir o padr\u00e3o salarial e de benef\u00edcios afim de n\u00e3o haver redu\u00e7\u00e3o salarial na nova condi\u00e7\u00e3o na carreira. O tema ser\u00e1 melhor debatido entre as outras bancadas da CNS e ser\u00e1 discutido em pr\u00f3xima reuni\u00e3o.<\/p>\n<p><strong>Artigo 30 da lei 12772, reaproveitamento das disciplinas isoladas e reabertura do prazo de ades\u00e3o ao PCCTAE<\/strong><\/p>\n<p>Houve consensos em v\u00e1rios pontos como a extens\u00e3o\u00a0de utiliza\u00e7\u00e3o de disciplinas isoladas em todas as classes do PCCTAE e n\u00e3o restrita aos cargos da classe E bem como a inclus\u00e3o dos t\u00e9cnico-administrativos no artigo 30 da lei 12772 que trata da libera\u00e7\u00e3o para treinamento em est\u00e1gio probat\u00f3rio. Tamb\u00e9m j\u00e1 est\u00e1 acordada a reabertura de prazo para ades\u00e3o ao PCCTAE. Esses temas foram debatidos junto ao PL da racionaliza\u00e7\u00e3o, mas n\u00e3o s\u00e3o temas de delibera\u00e7\u00e3o, pois j\u00e1 foram aprovados pelo governo e somente aguardam a minuta de proposta de MP, PL ou Decreto, quando for o caso para implementa\u00e7\u00e3o.<\/p>\n<p><strong>Assuntos pendentes da CNS (demandas externas)<\/strong><\/p>\n<p>Foram apresentados alguns processos de cria\u00e7\u00e3o de cargos na \u00e1rea de libras e braile, o cargo de Comunic\u00f3logo al\u00e9m de sugest\u00f5es de altera\u00e7\u00f5es na legisla\u00e7\u00e3o encaminhadas por servidores ou pelas IFE, nesse caso o MEC ficou de repassar um resumo dos pedidos para analise da representa\u00e7\u00e3o da comiss\u00e3o sendo que os temas ligados a racionaliza\u00e7\u00e3o ser\u00e1 objeto de delibera\u00e7\u00e3o em pr\u00f3xima reuni\u00e3o.<\/p>\n<p><strong>Nova reuni\u00e3o CNSC<\/strong><\/p>\n<p>O governo apresentou uma proposta de reuni\u00e3o em outubro, por\u00e9m com a fundamenta\u00e7\u00e3o da bancada da FASUBRA de que v\u00e1rias demandadas pendentes na CNSC s\u00e3o de interesse da categoria, inclusive prejudicando a gest\u00e3o das institui\u00e7\u00f5es precisariam ser regulamentadas o conjunto teve consenso de que a pr\u00f3xima reuni\u00e3o deveria acontecer entre os dias 24\u00a0de setembro com os temas e processos sendo repassados por meio eletr\u00f4nicos para o conjunto das representa\u00e7\u00f5es definirem posi\u00e7\u00f5es nas suas entidades de forma a facilitar o debate na pr\u00f3xima reuni\u00e3o.<\/p>\n<p><a href=\"http:\/\/sintema.org.br\/sintema\/wp-content\/uploads\/2014\/09\/CNSC27082014DOIS1.jpg\"><img loading=\"lazy\" class=\"alignnone  wp-image-5138\" alt=\"CNSC27082014DOIS1\" src=\"http:\/\/sintema.org.br\/sintema\/wp-content\/uploads\/2014\/09\/CNSC27082014DOIS1.jpg\" width=\"480\" height=\"318\" srcset=\"https:\/\/sintema.org.br\/sintema\/wp-content\/uploads\/2014\/09\/CNSC27082014DOIS1.jpg 800w, https:\/\/sintema.org.br\/sintema\/wp-content\/uploads\/2014\/09\/CNSC27082014DOIS1-300x198.jpg 300w\" sizes=\"(max-width: 480px) 100vw, 480px\" \/><\/a>&nbsp;<\/p>\n<p>Al\u00e9m da FASUBRA estiveram presentes na reuni\u00e3o representantes do\u00a0Sinasefe, da Andifes, do Conif, Sesu e Setec.<\/p>\n<p>Fonte: Fasubra.<\/p>\n<\/div>\n","protected":false},"excerpt":{"rendered":"<p>Aproveitamento de disciplinas para capacita\u00e7\u00e3o extensivo aos aposentados e racionaliza\u00e7\u00e3o de cargos s\u00e3o alguns dos temas presentes na pauta de reivindica\u00e7\u00f5es dos t\u00e9cnico-administrativos em Educa\u00e7\u00e3o das IFES que foram tratados pelos membros da FASUBRA Sindical na reuni\u00e3o da Comiss\u00e3o Nacional de Supervis\u00e3o da Carreira, ocorrida nesta quarta-feira (27), no Minist\u00e9rio da Educa\u00e7\u00e3o. A pauta da [&hellip;]<\/p>\n","protected":false},"author":2,"featured_media":0,"comment_status":"open","ping_status":"open","sticky":false,"template":"","format":"standard","meta":[],"categories":[5,18],"tags":[],"_links":{"self":[{"href":"https:\/\/sintema.org.br\/sintema\/wp-json\/wp\/v2\/posts\/5137"}],"collection":[{"href":"https:\/\/sintema.org.br\/sintema\/wp-json\/wp\/v2\/posts"}],"about":[{"href":"https:\/\/sintema.org.br\/sintema\/wp-json\/wp\/v2\/types\/post"}],"author":[{"embeddable":true,"href":"https:\/\/sintema.org.br\/sintema\/wp-json\/wp\/v2\/users\/2"}],"replies":[{"embeddable":true,"href":"https:\/\/sintema.org.br\/sintema\/wp-json\/wp\/v2\/comments?post=5137"}],"version-history":[{"count":1,"href":"https:\/\/sintema.org.br\/sintema\/wp-json\/wp\/v2\/posts\/5137\/revisions"}],"predecessor-version":[{"id":5139,"href":"https:\/\/sintema.org.br\/sintema\/wp-json\/wp\/v2\/posts\/5137\/revisions\/5139"}],"wp:attachment":[{"href":"https:\/\/sintema.org.br\/sintema\/wp-json\/wp\/v2\/media?parent=5137"}],"wp:term":[{"taxonomy":"category","embeddable":true,"href":"https:\/\/sintema.org.br\/sintema\/wp-json\/wp\/v2\/categories?post=5137"},{"taxonomy":"post_tag","embeddable":true,"href":"https:\/\/sintema.org.br\/sintema\/wp-json\/wp\/v2\/tags?post=5137"}],"curies":[{"name":"wp","href":"https:\/\/api.w.org\/{rel}","templated":true}]}}