{"id":5140,"date":"2014-09-01T15:26:32","date_gmt":"2014-09-01T15:26:32","guid":{"rendered":"http:\/\/sintema.org.br\/sintema\/?p=5140"},"modified":"2014-09-01T15:26:48","modified_gmt":"2014-09-01T15:26:48","slug":"ufma-destaca-aniversario-do-sintema-em-sua-pagina-na-internet","status":"publish","type":"post","link":"https:\/\/sintema.org.br\/sintema\/ufma-destaca-aniversario-do-sintema-em-sua-pagina-na-internet\/","title":{"rendered":"UFMA destaca anivers\u00e1rio do SINTEMA"},"content":{"rendered":"<p>&nbsp;<\/p>\n<p>Mat\u00e9ria publicada em29.08.2014<\/p>\n<p><a href=\"http:\/\/sintema.org.br\/sintema\/wp-content\/uploads\/2014\/08\/mesaaa.jpg\"><img loading=\"lazy\" class=\"alignnone  wp-image-5129\" alt=\"mesaaa\" src=\"http:\/\/sintema.org.br\/sintema\/wp-content\/uploads\/2014\/08\/mesaaa.jpg\" width=\"403\" height=\"302\" srcset=\"https:\/\/sintema.org.br\/sintema\/wp-content\/uploads\/2014\/08\/mesaaa.jpg 576w, https:\/\/sintema.org.br\/sintema\/wp-content\/uploads\/2014\/08\/mesaaa-300x225.jpg 300w\" sizes=\"(max-width: 403px) 100vw, 403px\" \/><\/a><\/p>\n<p>&nbsp;<\/p>\n<p>S\u00c3O LU\u00cdS &#8211; Est\u00e1 sendo realizada hoje (29), no audit\u00f3rio central da Universidade Federal do Maranh\u00e3o (UFMA) a comemora\u00e7\u00e3o de 25 anos do Sindicato dos Trabalhadores em Educa\u00e7\u00e3o de Terceiro Grau no Estado do Maranh\u00e3o (SINTEMA). O evento tem como objetivo celebrar uma longa trajet\u00f3ria de lutas, desafios, dificuldades e conquistas vivenciadas pela entidade que representa os trabalhadores da UFMA, al\u00e9m de oferecer um momento de reflex\u00e3o e debates que visam oportunizar temas pol\u00edtico-sociais para os trabalhadores que est\u00e3o em exerc\u00edcio ou aposentados da Universidade.<\/p>\n<p>Durante a abertura do evento, o presidente do SINTEMA, Antonio Mariano Melo de Azevedo, falou sobre a relev\u00e2ncia da data em sua vida. \u201cNo dia 29 de agosto de 1994, eu estava assumindo o meu cargo aqui na Universidade Federal do Maranh\u00e3o, ent\u00e3o hoje, no dia em que o nosso sindicato est\u00e1 completando 25 anos de lutas e muitas vit\u00f3rias para a categoria, eu estou completando 20 anos de servidor desta honrada institui\u00e7\u00e3o federal que \u00e9 a UFMA, onde eu me sinto lisonjeado de estar fazendo parte do corpo t\u00e9cnico-administrativo, da equipe que hoje, coloca a nossa universidade no patamar em que ela est\u00e1 junto com a nossa administra\u00e7\u00e3o superior. Ent\u00e3o para mim, \u00e9 um motivo a mais de alegria e de agradecimento\u201d, disse o presidente do sindicato ressaltando que o SINTEMA \u00e9 a principal ferramenta de luta e de defesa dos trabalhadores da UFMA, t\u00e9cnicos-administrativos em educa\u00e7\u00e3o e docentes filiados. O presidente do SINTEMA fez tamb\u00e9m, men\u00e7\u00e3o a antigos filiados que j\u00e1 faleceram. \u201cMuitos dos nossos colegas que j\u00e1 partiram doaram grande parte das suas vidas ao SINTEMA, e por isso e por outras coisas que temos obriga\u00e7\u00e3o de valorizar a nossa entidade\u201d, enfatizou.<\/p>\n<p>O Reitor Natalino Salgado destacou a import\u00e2ncia da celebra\u00e7\u00e3o, relatando que este \u00e9 um momento de festejar os 25 anos, um quarto de s\u00e9culo, em que se comemora as bodas de prata e que n\u00e3o pode passar despercebido. \u201cEste \u00e9 um momento de reflex\u00e3o tamb\u00e9m, de lembran\u00e7as daqueles que fundaram o sindicato. N\u00e3o \u00e9 f\u00e1cil caminhar em uma luta constante por que \u00e9 um embate di\u00e1rio para poder fortalecer a representa\u00e7\u00e3o dos trabalhadores, em especial aqui de uma universidade federal\u201d, afirmou o reitor observando que as lutas do sindicato s\u00e3o \u00e1rduas e, portanto, o sindicato tem essa miss\u00e3o, nobre, de fortalecer o corpo t\u00e9cnico-administrativo da UFMA, pois, segundo ele n\u00e3o adianta a Universidade estar com uma boa estrutura f\u00edsica, se as pessoas que fazem a universidade n\u00e3o forem valorizadas do ponto de vista de remunera\u00e7\u00e3o e qualifica\u00e7\u00e3o, para que estas possam desempenhar a contento o seu papel e o seu trabalho, observando, por fim, que s\u00e3o as pessoas que engrandecem qualquer institui\u00e7\u00e3o.<\/p>\n<p>O reitor falou tamb\u00e9m sobre o seu orgulho de ter se filiado ao SINTEMA. \u201cSinto-me honrado de ser associado ao Sindicato, foi uma iniciativa que tive assim que assumi a reitoria\u201d, disse. J\u00e1 o Vice- Reitor da UFMA, Ant\u00f4nio Oliveira, falou sobre a atua\u00e7\u00e3o do sindicato na Universidade. \u201cDesde a sua cria\u00e7\u00e3o foi a partir de um conjunto de funcion\u00e1rios da institui\u00e7\u00e3o que o sindicato tem se feito presente nas lutas, nas reivindica\u00e7\u00f5es, nas cr\u00edticas, na melhoria da institui\u00e7\u00e3o e essa \u00e9 a principal fun\u00e7\u00e3o de um sindicato, ser combat\u00edvel junto \u00e0 sociedade com o objetivo de melhorar a gest\u00e3o e o trabalho\u201d, frisou o vice-reitor, parabenizando o sindicato por todas as a\u00e7\u00f5es despenhadas.<\/p>\n<p>Fonte: <b>Produ\u00e7\u00e3o:<\/b> Rosana Oliveira<\/p>\n<p><b>Lugar: <\/b>Cidade Universit\u00e1ria do Bacanga<br \/>\n<b>Fonte:<\/b> Daryanne Caldas<br \/>\n<b>\u00daltima altera\u00e7\u00e3o em:<\/b> 29\/08\/2014 15:10<\/p>\n","protected":false},"excerpt":{"rendered":"<p>&nbsp; Mat\u00e9ria publicada em29.08.2014 &nbsp; S\u00c3O LU\u00cdS &#8211; Est\u00e1 sendo realizada hoje (29), no audit\u00f3rio central da Universidade Federal do Maranh\u00e3o (UFMA) a comemora\u00e7\u00e3o de 25 anos do Sindicato dos Trabalhadores em Educa\u00e7\u00e3o de Terceiro Grau no Estado do Maranh\u00e3o (SINTEMA). O evento tem como objetivo celebrar uma longa trajet\u00f3ria de lutas, desafios, dificuldades e [&hellip;]<\/p>\n","protected":false},"author":2,"featured_media":0,"comment_status":"open","ping_status":"open","sticky":false,"template":"","format":"standard","meta":[],"categories":[5],"tags":[],"_links":{"self":[{"href":"https:\/\/sintema.org.br\/sintema\/wp-json\/wp\/v2\/posts\/5140"}],"collection":[{"href":"https:\/\/sintema.org.br\/sintema\/wp-json\/wp\/v2\/posts"}],"about":[{"href":"https:\/\/sintema.org.br\/sintema\/wp-json\/wp\/v2\/types\/post"}],"author":[{"embeddable":true,"href":"https:\/\/sintema.org.br\/sintema\/wp-json\/wp\/v2\/users\/2"}],"replies":[{"embeddable":true,"href":"https:\/\/sintema.org.br\/sintema\/wp-json\/wp\/v2\/comments?post=5140"}],"version-history":[{"count":2,"href":"https:\/\/sintema.org.br\/sintema\/wp-json\/wp\/v2\/posts\/5140\/revisions"}],"predecessor-version":[{"id":5142,"href":"https:\/\/sintema.org.br\/sintema\/wp-json\/wp\/v2\/posts\/5140\/revisions\/5142"}],"wp:attachment":[{"href":"https:\/\/sintema.org.br\/sintema\/wp-json\/wp\/v2\/media?parent=5140"}],"wp:term":[{"taxonomy":"category","embeddable":true,"href":"https:\/\/sintema.org.br\/sintema\/wp-json\/wp\/v2\/categories?post=5140"},{"taxonomy":"post_tag","embeddable":true,"href":"https:\/\/sintema.org.br\/sintema\/wp-json\/wp\/v2\/tags?post=5140"}],"curies":[{"name":"wp","href":"https:\/\/api.w.org\/{rel}","templated":true}]}}