{"id":5144,"date":"2014-09-01T16:53:15","date_gmt":"2014-09-01T16:53:15","guid":{"rendered":"http:\/\/sintema.org.br\/sintema\/?p=5144"},"modified":"2014-09-01T18:23:53","modified_gmt":"2014-09-01T18:23:53","slug":"cartegoria-confraterniza-durante-comemoracoes-dos-25-anos-do-sintema","status":"publish","type":"post","link":"https:\/\/sintema.org.br\/sintema\/cartegoria-confraterniza-durante-comemoracoes-dos-25-anos-do-sintema\/","title":{"rendered":"Categoria confraterniza durante comemora\u00e7\u00f5es dos 25 anos do SINTEMA"},"content":{"rendered":"<p>Durante o evento em comemora\u00e7\u00e3o aos 25 anos do SINTEMA, realizado nos dias 29 e 30 de agosto de 2014, os trabalhadores T\u00e9cnico-administrativos em Educa\u00e7\u00e3o da UFMA, celebraram com harmonia esse momento mais que especial.<\/p>\n<p>Na sexta-feira, 29, no audit\u00f3rio central da UFMA, a programa\u00e7\u00e3o montada englobou Roda de Di\u00e1logos, Mesas de Debate, momentos de cuidados com a sa\u00fade, bem estar e qualidade de vida. Ao longo de todo um dia, com pausa para almo\u00e7o na pr\u00f3pria universidade, os trabalhadores reviveram atrav\u00e9s de hist\u00f3rias, alguns dos momentos de lutas, conquistas, dificuldades, enfim, relembraram o passado focando no futuro.<\/p>\n[caption id=\"attachment_5145\" align=\"alignnone\" width=\"512\"]<a href=\"http:\/\/sintema.org.br\/sintema\/wp-content\/uploads\/2014\/09\/UMMM.jpg\"><img loading=\"lazy\" class=\"size-full wp-image-5145\" alt=\"UMMM\" src=\"http:\/\/sintema.org.br\/sintema\/wp-content\/uploads\/2014\/09\/UMMM.jpg\" width=\"512\" height=\"384\" srcset=\"https:\/\/sintema.org.br\/sintema\/wp-content\/uploads\/2014\/09\/UMMM.jpg 512w, https:\/\/sintema.org.br\/sintema\/wp-content\/uploads\/2014\/09\/UMMM-300x225.jpg 300w\" sizes=\"(max-width: 512px) 100vw, 512px\" \/><\/a> Diretora de Aposentados do SINTEMA, Gra\u00e7a Ferro, fala com trabalhadores antes do lan\u00e7amento da Revista 25 anos.[\/caption]\n<p>&nbsp;<\/p>\n[caption id=\"attachment_5146\" align=\"alignnone\" width=\"512\"]<a href=\"http:\/\/sintema.org.br\/sintema\/wp-content\/uploads\/2014\/09\/DOIS.jpg\"><img loading=\"lazy\" class=\" wp-image-5146\" alt=\"DOIS\" src=\"http:\/\/sintema.org.br\/sintema\/wp-content\/uploads\/2014\/09\/DOIS.jpg\" width=\"512\" height=\"384\" srcset=\"https:\/\/sintema.org.br\/sintema\/wp-content\/uploads\/2014\/09\/DOIS.jpg 640w, https:\/\/sintema.org.br\/sintema\/wp-content\/uploads\/2014\/09\/DOIS-300x225.jpg 300w\" sizes=\"(max-width: 512px) 100vw, 512px\" \/><\/a> Din\u00e2mica realizada ap\u00f3s o almo\u00e7o com Educador F\u00edsico da GEAP SAUDE.[\/caption]\n<p>&nbsp;<\/p>\n<p>Ainda na sexta, foi lan\u00e7ada a Revista Sintema 25 anos que conta alguns destes principais momentos de luta, e ser\u00e1 remetida aos associados da Entidade.<\/p>\n[caption id=\"attachment_5148\" align=\"alignnone\" width=\"512\"]<a href=\"http:\/\/sintema.org.br\/sintema\/wp-content\/uploads\/2014\/09\/CULTO.jpg\"><img loading=\"lazy\" class=\"size-full wp-image-5148 \" alt=\"CULTO\" src=\"http:\/\/sintema.org.br\/sintema\/wp-content\/uploads\/2014\/09\/CULTO.jpg\" width=\"512\" height=\"384\" srcset=\"https:\/\/sintema.org.br\/sintema\/wp-content\/uploads\/2014\/09\/CULTO.jpg 512w, https:\/\/sintema.org.br\/sintema\/wp-content\/uploads\/2014\/09\/CULTO-300x225.jpg 300w\" sizes=\"(max-width: 512px) 100vw, 512px\" \/><\/a> Ao final da programa\u00e7\u00e3o realizada na sexta-feira, 29, ap\u00f3s o Ato Ecum\u00eanico.[\/caption]\n<p>&nbsp;<\/p>\n<p>J\u00e1 no s\u00e1bado, dia 30 de agosto, na ASSUMA, os trabalhadores viveram um dia de lazer com m\u00fasica ao vivo, feijoada e muita conversa com os amigos da universidade e suas fam\u00edlias.<\/p>\n[caption id=\"attachment_5149\" align=\"alignnone\" width=\"512\"]<a href=\"http:\/\/sintema.org.br\/sintema\/wp-content\/uploads\/2014\/09\/ASSUMA01.jpg\"><img loading=\"lazy\" class=\"size-full wp-image-5149\" alt=\"ASSUMA01\" src=\"http:\/\/sintema.org.br\/sintema\/wp-content\/uploads\/2014\/09\/ASSUMA01.jpg\" width=\"512\" height=\"384\" srcset=\"https:\/\/sintema.org.br\/sintema\/wp-content\/uploads\/2014\/09\/ASSUMA01.jpg 512w, https:\/\/sintema.org.br\/sintema\/wp-content\/uploads\/2014\/09\/ASSUMA01-300x225.jpg 300w\" sizes=\"(max-width: 512px) 100vw, 512px\" \/><\/a> Trabalhadores comparecem em grande n\u00famero na ASSUMA.[\/caption]\n<p>&nbsp;<\/p>\n<p>&nbsp;<\/p>\n[caption id=\"attachment_5150\" align=\"alignnone\" width=\"512\"]<a href=\"http:\/\/sintema.org.br\/sintema\/wp-content\/uploads\/2014\/09\/ASSUMA02.jpg\"><img loading=\"lazy\" class=\"size-full wp-image-5150\" alt=\"ASSUMA02\" src=\"http:\/\/sintema.org.br\/sintema\/wp-content\/uploads\/2014\/09\/ASSUMA02.jpg\" width=\"512\" height=\"384\" srcset=\"https:\/\/sintema.org.br\/sintema\/wp-content\/uploads\/2014\/09\/ASSUMA02.jpg 512w, https:\/\/sintema.org.br\/sintema\/wp-content\/uploads\/2014\/09\/ASSUMA02-300x225.jpg 300w\" sizes=\"(max-width: 512px) 100vw, 512px\" \/><\/a> Feijoada servida gratuitamente aos participantes do dia de lazer dos 25 anos.[\/caption]\n<p>&nbsp;<\/p>\n<p>&nbsp;<\/p>\n[caption id=\"attachment_5151\" align=\"alignnone\" width=\"512\"]<a href=\"http:\/\/sintema.org.br\/sintema\/wp-content\/uploads\/2014\/09\/ASSUMA03.jpg\"><img loading=\"lazy\" class=\"size-full wp-image-5151\" alt=\"Trabalhadores doaram alimentos n\u00e3o perec\u00edveis ao Programa Mesa Brasil.\" src=\"http:\/\/sintema.org.br\/sintema\/wp-content\/uploads\/2014\/09\/ASSUMA03.jpg\" width=\"512\" height=\"384\" srcset=\"https:\/\/sintema.org.br\/sintema\/wp-content\/uploads\/2014\/09\/ASSUMA03.jpg 512w, https:\/\/sintema.org.br\/sintema\/wp-content\/uploads\/2014\/09\/ASSUMA03-300x225.jpg 300w\" sizes=\"(max-width: 512px) 100vw, 512px\" \/><\/a> Trabalhadores doaram alimentos n\u00e3o perec\u00edveis ao Programa Mesa Brasil.[\/caption]\n<p>&nbsp;<\/p>\n","protected":false},"excerpt":{"rendered":"<p>Durante o evento em comemora\u00e7\u00e3o aos 25 anos do SINTEMA, realizado nos dias 29 e 30 de agosto de 2014, os trabalhadores T\u00e9cnico-administrativos em Educa\u00e7\u00e3o da UFMA, celebraram com harmonia esse momento mais que especial. Na sexta-feira, 29, no audit\u00f3rio central da UFMA, a programa\u00e7\u00e3o montada englobou Roda de Di\u00e1logos, Mesas de Debate, momentos de [&hellip;]<\/p>\n","protected":false},"author":2,"featured_media":0,"comment_status":"open","ping_status":"open","sticky":false,"template":"","format":"standard","meta":[],"categories":[12,5],"tags":[],"_links":{"self":[{"href":"https:\/\/sintema.org.br\/sintema\/wp-json\/wp\/v2\/posts\/5144"}],"collection":[{"href":"https:\/\/sintema.org.br\/sintema\/wp-json\/wp\/v2\/posts"}],"about":[{"href":"https:\/\/sintema.org.br\/sintema\/wp-json\/wp\/v2\/types\/post"}],"author":[{"embeddable":true,"href":"https:\/\/sintema.org.br\/sintema\/wp-json\/wp\/v2\/users\/2"}],"replies":[{"embeddable":true,"href":"https:\/\/sintema.org.br\/sintema\/wp-json\/wp\/v2\/comments?post=5144"}],"version-history":[{"count":4,"href":"https:\/\/sintema.org.br\/sintema\/wp-json\/wp\/v2\/posts\/5144\/revisions"}],"predecessor-version":[{"id":5155,"href":"https:\/\/sintema.org.br\/sintema\/wp-json\/wp\/v2\/posts\/5144\/revisions\/5155"}],"wp:attachment":[{"href":"https:\/\/sintema.org.br\/sintema\/wp-json\/wp\/v2\/media?parent=5144"}],"wp:term":[{"taxonomy":"category","embeddable":true,"href":"https:\/\/sintema.org.br\/sintema\/wp-json\/wp\/v2\/categories?post=5144"},{"taxonomy":"post_tag","embeddable":true,"href":"https:\/\/sintema.org.br\/sintema\/wp-json\/wp\/v2\/tags?post=5144"}],"curies":[{"name":"wp","href":"https:\/\/api.w.org\/{rel}","templated":true}]}}