{"id":5160,"date":"2014-09-09T11:33:16","date_gmt":"2014-09-09T11:33:16","guid":{"rendered":"http:\/\/sintema.org.br\/sintema\/?p=5160"},"modified":"2014-09-09T11:33:16","modified_gmt":"2014-09-09T11:33:16","slug":"participantes-do-v-seminario-nacional-dos-motoristas-oficiais-de-veiculos-federais-aprovam-encaminhamentos","status":"publish","type":"post","link":"https:\/\/sintema.org.br\/sintema\/participantes-do-v-seminario-nacional-dos-motoristas-oficiais-de-veiculos-federais-aprovam-encaminhamentos\/","title":{"rendered":"Participantes do V Semin\u00e1rio Nacional dos Motoristas Oficiais de Ve\u00edculos Federais aprovam encaminhamentos"},"content":{"rendered":"<p><a href=\"http:\/\/sintema.org.br\/sintema\/wp-content\/uploads\/2014\/09\/motoristas0809141.jpg\"><img loading=\"lazy\" class=\"alignnone  wp-image-5161\" alt=\"motoristas0809141\" src=\"http:\/\/sintema.org.br\/sintema\/wp-content\/uploads\/2014\/09\/motoristas0809141.jpg\" width=\"480\" height=\"270\" srcset=\"https:\/\/sintema.org.br\/sintema\/wp-content\/uploads\/2014\/09\/motoristas0809141.jpg 800w, https:\/\/sintema.org.br\/sintema\/wp-content\/uploads\/2014\/09\/motoristas0809141-300x168.jpg 300w\" sizes=\"(max-width: 480px) 100vw, 480px\" \/><\/a><\/p>\n<p>A FASUBRA Sindical participou nos dias 5 e 6 de setembro do V Semin\u00e1rio Nacional dos Motoristas Oficiais de Ve\u00edculos Federais, ocorrido em Bel\u00e9m do Par\u00e1\/PA, como organizadora do evento, que contou com 88 participantes de 22 universidades, 05 Ifets e 01 Cefet.<\/p>\n<p>Nos dois dias foram discutidos temas conjuntura, terceiriza\u00e7\u00e3o e privatiza\u00e7\u00e3o dos servi\u00e7os p\u00fablicos; carreira, racionaliza\u00e7\u00e3o e concurso p\u00fablico; di\u00e1rias e adicionais; e legisla\u00e7\u00f5es vigentes aplic\u00e1veis seguran\u00e7a, risco de vida, ass\u00e9dio moral e qualidade de vida aos motoristas das universidades e jornada de trabalho dos motoristas e 30h. O evento contou ainda com realiza\u00e7\u00e3o de grupos de trabalho que aprovaram os seguintes encaminhamentos:<\/p>\n<p>a) \u00a0Indica\u00e7\u00e3o de realiza\u00e7\u00e3o do VI semin\u00e1rio nacional dos motoristas oficiais de ve\u00edculos federais, a acontecer numa sexta e s\u00e1bado.<\/p>\n<p>b) \u00a0Indica\u00e7\u00e3o de realiza\u00e7\u00e3o do VI semin\u00e1rio nacional dos motoristas oficiais de ve\u00edculos federais, para acontecer em Fortaleza-CE, nos dias 09 e 10 de outubro de 2015.<\/p>\n<p>c) Pelo pagamento de horas extras nos s\u00e1bados, domingos e feriados, nas proporcionalidades devidas, e ap\u00f3s as 08 horas trabalhadas de segunda a sexta-feira.<\/p>\n<p>d) \u00a0Propor a convoca\u00e7\u00e3o de uma Reuni\u00e3o Nacional dos Motoristas e Fasubra, a acontecer em mar\u00e7o de 2015, em Bras\u00edlia, para discutir e avan\u00e7ar na constru\u00e7\u00e3o das pol\u00edticas cab\u00edveis \u00e0 organiza\u00e7\u00e3o dos motoristas, como a constru\u00e7\u00e3o de medidas legislativas que abarquem a situa\u00e7\u00e3o de quem pode dirigir ve\u00edculos oficiais e adicional de risco de vida. Indicar a organiza\u00e7\u00e3o e constitui\u00e7\u00e3o de debates na base e nos estados previamente.<\/p>\n<p>e) Interceder junto aos sindicatos para que sejam cumpridas as Leis 1081, 9327 e 9632, se necess\u00e1rio atrav\u00e9s de mandado de seguran\u00e7a.<\/p>\n<p>f) Abertura de concurso p\u00fablico para motoristas das Ifes, Ifets e Cefets.<\/p>\n<p>g) Solicitar a contribui\u00e7\u00e3o da Fasubra, pol\u00edtica e material, conforme suas possibilidades, nos semin\u00e1rios nacionais dos motoristas.<\/p>\n<p>h) Propor \u00e0 Fasubra que, considerada a atual necessidade de forma\u00e7\u00e3o, complexidade da fun\u00e7\u00e3o e experi\u00eancia necess\u00e1ria, seja defendida a classifica\u00e7\u00e3o do cargo de motorista na classe D.<\/p>\n<p>i) \u00a0Que os motoristas presentes a esse encontro busquem apoio nos sindicatos para fazer chegar aos Reitores a proposi\u00e7\u00e3o de acabar com a terceiriza\u00e7\u00e3o atrav\u00e9s da abertura de concurso para suprir a demanda de todas as \u00e1reas, e que os reitores levem essa proposta para a Andifes.<\/p>\n<p>j) Ainda com rela\u00e7\u00e3o \u00e0 terceiriza\u00e7\u00e3o, procurar os parlamentares nos estados para cobrar a constru\u00e7\u00e3o de projetos legislativos que prevejam concursos para todos os cargos em substitui\u00e7\u00e3o \u00e0 terceiriza\u00e7\u00e3o. Quando do momento de entrada em vota\u00e7\u00e3o desses projetos, convocar a categoria para se fazer presente em Bras\u00edlia pressionando no momento da vota\u00e7\u00e3o.<\/p>\n<p>k) \u00a0Campanha e den\u00fancia sobre o poder p\u00fablico, de que a privatiza\u00e7\u00e3o \u00e9 um mal enorme para as comunidades, considerando a qualidade dos servi\u00e7os, o interesse p\u00fablico e o elevado custo que passa a custear os servi\u00e7os. A constitui\u00e7\u00e3o de interesses privados atravessadores, gera precariza\u00e7\u00e3o das condi\u00e7\u00f5es de trabalho, p\u00e9ssimos sal\u00e1rios aos trabalhadores, e exorbitantes lucros aos patr\u00f5es.<\/p>\n<p>l) Mo\u00e7\u00e3o de agradecimento \u00e0s institui\u00e7\u00f5es e sindicatos que apoiaram a participa\u00e7\u00e3o e realiza\u00e7\u00e3o desse V Semin\u00e1rio. Encaminhamento \u00e0 Andifes desse agradecimento referente \u00e0s Institui\u00e7\u00f5es que apoiaram, e solicita\u00e7\u00e3o de intermedia\u00e7\u00e3o para eventos futuros, para que n\u00e3o se repitam situa\u00e7\u00f5es como a vivenciada na UNIFEI, onde n\u00e3o foi permitida a participa\u00e7\u00e3o dos trabalhadores daquela institui\u00e7\u00e3o.<\/p>\n<div>\n<p><em><strong>Falecimento &#8211;<\/strong><\/em>\u00a0 No primero dia do semin\u00e1rio, foi realizada homenagem\u00a0 ao trabalhador Luiz Augusto Medeiros, da Universidade Federal do Amazonas, falecido no \u00a0dia 22 de maio.<\/p>\n<p>_________________________________________________________________________________________________________<\/p>\n<\/div>\n<p>Fonte: Fasubra.<\/p>\n<p>Revis\u00e3o: Carla Jurumenha \u2013 ASCOM FASUBRA Sindical<\/p>\n","protected":false},"excerpt":{"rendered":"<p>A FASUBRA Sindical participou nos dias 5 e 6 de setembro do V Semin\u00e1rio Nacional dos Motoristas Oficiais de Ve\u00edculos Federais, ocorrido em Bel\u00e9m do Par\u00e1\/PA, como organizadora do evento, que contou com 88 participantes de 22 universidades, 05 Ifets e 01 Cefet. Nos dois dias foram discutidos temas conjuntura, terceiriza\u00e7\u00e3o e privatiza\u00e7\u00e3o dos servi\u00e7os [&hellip;]<\/p>\n","protected":false},"author":2,"featured_media":0,"comment_status":"open","ping_status":"open","sticky":false,"template":"","format":"standard","meta":[],"categories":[5,18],"tags":[],"_links":{"self":[{"href":"https:\/\/sintema.org.br\/sintema\/wp-json\/wp\/v2\/posts\/5160"}],"collection":[{"href":"https:\/\/sintema.org.br\/sintema\/wp-json\/wp\/v2\/posts"}],"about":[{"href":"https:\/\/sintema.org.br\/sintema\/wp-json\/wp\/v2\/types\/post"}],"author":[{"embeddable":true,"href":"https:\/\/sintema.org.br\/sintema\/wp-json\/wp\/v2\/users\/2"}],"replies":[{"embeddable":true,"href":"https:\/\/sintema.org.br\/sintema\/wp-json\/wp\/v2\/comments?post=5160"}],"version-history":[{"count":1,"href":"https:\/\/sintema.org.br\/sintema\/wp-json\/wp\/v2\/posts\/5160\/revisions"}],"predecessor-version":[{"id":5162,"href":"https:\/\/sintema.org.br\/sintema\/wp-json\/wp\/v2\/posts\/5160\/revisions\/5162"}],"wp:attachment":[{"href":"https:\/\/sintema.org.br\/sintema\/wp-json\/wp\/v2\/media?parent=5160"}],"wp:term":[{"taxonomy":"category","embeddable":true,"href":"https:\/\/sintema.org.br\/sintema\/wp-json\/wp\/v2\/categories?post=5160"},{"taxonomy":"post_tag","embeddable":true,"href":"https:\/\/sintema.org.br\/sintema\/wp-json\/wp\/v2\/tags?post=5160"}],"curies":[{"name":"wp","href":"https:\/\/api.w.org\/{rel}","templated":true}]}}