{"id":5175,"date":"2014-09-10T14:08:03","date_gmt":"2014-09-10T14:08:03","guid":{"rendered":"http:\/\/sintema.org.br\/sintema\/?p=5175"},"modified":"2014-09-10T14:08:03","modified_gmt":"2014-09-10T14:08:03","slug":"sintema-entrega-alimentos-ao-mesa-brasil","status":"publish","type":"post","link":"https:\/\/sintema.org.br\/sintema\/sintema-entrega-alimentos-ao-mesa-brasil\/","title":{"rendered":"SINTEMA entrega alimentos ao MESA BRASIL"},"content":{"rendered":"[caption id=\"attachment_5176\" align=\"alignnone\" width=\"384\"]<a href=\"http:\/\/sintema.org.br\/sintema\/wp-content\/uploads\/2014\/09\/IMG-20140910-WA0024.jpg\"><img loading=\"lazy\" class=\" wp-image-5176\" alt=\"IMG-20140910-WA0024\" src=\"http:\/\/sintema.org.br\/sintema\/wp-content\/uploads\/2014\/09\/IMG-20140910-WA0024-1024x575.jpg\" width=\"384\" height=\"215\" srcset=\"https:\/\/sintema.org.br\/sintema\/wp-content\/uploads\/2014\/09\/IMG-20140910-WA0024-1024x575.jpg 1024w, https:\/\/sintema.org.br\/sintema\/wp-content\/uploads\/2014\/09\/IMG-20140910-WA0024-300x168.jpg 300w, https:\/\/sintema.org.br\/sintema\/wp-content\/uploads\/2014\/09\/IMG-20140910-WA0024.jpg 1280w\" sizes=\"(max-width: 384px) 100vw, 384px\" \/><\/a> Colaborador do Sintema, de amarelo, Jorge Prado, realiza a entrega ao colaborador do Mesa Brasil.[\/caption]\n<p>&nbsp;<\/p>\n<p>Na manh\u00e3 desta quarta-feira, 10, o SINTEMA fez a entrega dos alimentos arrecadados durante as comemora\u00e7\u00f5es dos 25 anos do Sindicato, nos dias 29 e 30 de agosto.<\/p>\n<p>Colaboradores do Programa estiveram no SINTEMA e fizeram a coleta de cerca de 150 quilos de alimentos n\u00e3o perec\u00edveis.<\/p>\n[caption id=\"attachment_5177\" align=\"alignnone\" width=\"384\"]<a href=\"http:\/\/sintema.org.br\/sintema\/wp-content\/uploads\/2014\/09\/IMG-20140910-WA0026.jpg\"><img loading=\"lazy\" class=\" wp-image-5177\" alt=\"IMG-20140910-WA0026\" src=\"http:\/\/sintema.org.br\/sintema\/wp-content\/uploads\/2014\/09\/IMG-20140910-WA0026-1024x575.jpg\" width=\"384\" height=\"215\" srcset=\"https:\/\/sintema.org.br\/sintema\/wp-content\/uploads\/2014\/09\/IMG-20140910-WA0026-1024x575.jpg 1024w, https:\/\/sintema.org.br\/sintema\/wp-content\/uploads\/2014\/09\/IMG-20140910-WA0026-300x168.jpg 300w, https:\/\/sintema.org.br\/sintema\/wp-content\/uploads\/2014\/09\/IMG-20140910-WA0026.jpg 1280w\" sizes=\"(max-width: 384px) 100vw, 384px\" \/><\/a> Alimentos s\u00e3o acondicionados na van do Mesa Brasil.[\/caption]\n<p>&nbsp;<\/p>\n<p>Esta \u00e9 a segunda vez que o SINTEMA mobiliza a categoria para arrecadar alimentos ao MESA BRASIL. A primeira vez foi em 2011, durante as comemora\u00e7\u00f5es dos 22 anos do SINTEMA.<\/p>\n<p>&nbsp;<\/p>\n","protected":false},"excerpt":{"rendered":"<p>&nbsp; Na manh\u00e3 desta quarta-feira, 10, o SINTEMA fez a entrega dos alimentos arrecadados durante as comemora\u00e7\u00f5es dos 25 anos do Sindicato, nos dias 29 e 30 de agosto. Colaboradores do Programa estiveram no SINTEMA e fizeram a coleta de cerca de 150 quilos de alimentos n\u00e3o perec\u00edveis. &nbsp; Esta \u00e9 a segunda vez que [&hellip;]<\/p>\n","protected":false},"author":2,"featured_media":0,"comment_status":"open","ping_status":"open","sticky":false,"template":"","format":"standard","meta":[],"categories":[5],"tags":[],"_links":{"self":[{"href":"https:\/\/sintema.org.br\/sintema\/wp-json\/wp\/v2\/posts\/5175"}],"collection":[{"href":"https:\/\/sintema.org.br\/sintema\/wp-json\/wp\/v2\/posts"}],"about":[{"href":"https:\/\/sintema.org.br\/sintema\/wp-json\/wp\/v2\/types\/post"}],"author":[{"embeddable":true,"href":"https:\/\/sintema.org.br\/sintema\/wp-json\/wp\/v2\/users\/2"}],"replies":[{"embeddable":true,"href":"https:\/\/sintema.org.br\/sintema\/wp-json\/wp\/v2\/comments?post=5175"}],"version-history":[{"count":1,"href":"https:\/\/sintema.org.br\/sintema\/wp-json\/wp\/v2\/posts\/5175\/revisions"}],"predecessor-version":[{"id":5178,"href":"https:\/\/sintema.org.br\/sintema\/wp-json\/wp\/v2\/posts\/5175\/revisions\/5178"}],"wp:attachment":[{"href":"https:\/\/sintema.org.br\/sintema\/wp-json\/wp\/v2\/media?parent=5175"}],"wp:term":[{"taxonomy":"category","embeddable":true,"href":"https:\/\/sintema.org.br\/sintema\/wp-json\/wp\/v2\/categories?post=5175"},{"taxonomy":"post_tag","embeddable":true,"href":"https:\/\/sintema.org.br\/sintema\/wp-json\/wp\/v2\/tags?post=5175"}],"curies":[{"name":"wp","href":"https:\/\/api.w.org\/{rel}","templated":true}]}}