{"id":5179,"date":"2014-09-10T14:28:05","date_gmt":"2014-09-10T14:28:05","guid":{"rendered":"http:\/\/sintema.org.br\/sintema\/?p=5179"},"modified":"2014-09-10T14:29:52","modified_gmt":"2014-09-10T14:29:52","slug":"tae-da-ufma-participa-do-xxiii-seminario-nacional-de-seguranca-das-ipes","status":"publish","type":"post","link":"https:\/\/sintema.org.br\/sintema\/tae-da-ufma-participa-do-xxiii-seminario-nacional-de-seguranca-das-ipes\/","title":{"rendered":"TAE da UFMA participa do XXIII Semin\u00e1rio Nacional de Seguran\u00e7a das IPES"},"content":{"rendered":"<p>&nbsp;<\/p>\n<p><a href=\"http:\/\/sintema.org.br\/sintema\/wp-content\/uploads\/2014\/09\/seguranaseminario20141.jpg\"><img loading=\"lazy\" class=\"alignnone  wp-image-5180\" alt=\"seguranaseminario20141\" src=\"http:\/\/sintema.org.br\/sintema\/wp-content\/uploads\/2014\/09\/seguranaseminario20141.jpg\" width=\"480\" height=\"314\" srcset=\"https:\/\/sintema.org.br\/sintema\/wp-content\/uploads\/2014\/09\/seguranaseminario20141.jpg 800w, https:\/\/sintema.org.br\/sintema\/wp-content\/uploads\/2014\/09\/seguranaseminario20141-300x196.jpg 300w\" sizes=\"(max-width: 480px) 100vw, 480px\" \/><\/a><\/p>\n<p>O trabalhador da base, Walter Junior, est\u00e1 participando do XXIII Semin\u00e1rio Nacional de Seguran\u00e7a das Institui\u00e7\u00f5es P\u00fablica de Ensino Superior (IPES) e Educa\u00e7\u00e3o B\u00e1sica T\u00e9cnica e Tecnol\u00f3gica (EBTT), na Universidade Federal do Rio Grande do Norte &#8211; UFRN.<\/p>\n<p>O SINTEMA apoiou a ida de Walter com o intuito de manter a cont\u00ednua participa\u00e7\u00e3o nestes Semin\u00e1rios que ocorrem durante todos os anos, e s\u00e3o instrumento de aperfei\u00e7oamento da lutas da categoria e dos vigilantes das universidades em modo geral.<\/p>\n<p>O Semin\u00e1rio est\u00e1 acontecendo desde o dia 8 de setembro, e vai at\u00e9 dia 13.<\/p>\n<p>Confira a mat\u00e9ria publicada na p\u00e1gina da FASUBRA sobre o evento:<\/p>\n<p>&nbsp;<\/p>\n<p>FASUBRA participar\u00e1 do XXIII Semin\u00e1rio Nacional de Seguran\u00e7a das Institui\u00e7\u00f5es P\u00fablica de Ensino Superior (IPES) e Educa\u00e7\u00e3o B\u00e1sica T\u00e9cnica e Tecnol\u00f3gica (EBTT) vai acontecer de 8 a 13 de setembro, no Audit\u00f3rio da Reitoria da Universidade Federal do Rio Grande do Norte (UFRN), localizada no\u00a0Campus Universit\u00e1rio Lagoa Nova de\u00a0Natal.<\/p>\n<p>O evento \u00e9 dirigido a todos os trabalhadores vinculados \u00e0 seguran\u00e7a das institui\u00e7\u00f5es p\u00fablicas e tem objetivo de apresentar considera\u00e7\u00f5es sobre as pol\u00edticas p\u00fablicas e debates sobre seguran\u00e7a nas IPES e EBTT. As inscri\u00e7\u00f5es podem ser feitas a partir da segunda-feira, dia 08\/09, no pr\u00f3prio local do evento ou antecipadamente atrav\u00e9s dos e-mails <a href=\"mailto:bezerrasabino@yahoo.com.br\">bezerrasabino@yahoo.com.br<\/a> <a href=\"mailto:bezerrasabino@yahoo.com.br\"> ou <\/a> <a href=\"mailto:financeiro@sintestrn.org.br\">financeiro@sintestrn.org.br<\/a><a href=\"mailto:%20%3Cscript%20type=%27text\/javascript%27%3E%20%3C%21--%20var%20prefix%20=%20%27ma%27%20+%20%27il%27%20+%20%27to%27;%20var%20path%20=%20%27hr%27%20+%20%27ef%27%20+%20%27=%27;%20var%20addy73086%20=%20%27financeiro%27%20+%20%27@%27;%20addy73086%20=%20addy73086%20+%20%27sintestrn%27%20+%20%27.%27%20+%20%27org%27%20+%20%27.%27%20+%20%27br%27;%20document.write%28%27%3Ca%20%27%20+%20path%20+%20%27%5C%27%27%20+%20prefix%20+%20%27:%27%20+%20addy73086%20+%20%27%5C%27%3E%27%29;%20document.write%28addy73086%29;%20document.write%28%27%3C%5C\/a%3E%27%29;%20\/\/--%3E%5Cn%20%3C\/script%3E%3Cscript%20type=%27text\/javascript%27%3E%20%3C%21--%20document.write%28%27%3Cspan%20style=%5C%27display:%20none;%5C%27%3E%27%29;%20\/\/--%3E%20%3C\/script%3EO%20endere%C3%A7o%20de%20e-mail%20address%20est%C3%A1%20sendo%20protegido%20de%20spambots.%20Voc%C3%AA%20precisa%20ativar%20o%20JavaScript%20enabled%20para%20v%C3%AA-lo.%20%3Cscript%20type=%27text\/javascript%27%3E%20%3C%21--%20document.write%28%27%3C\/%27%29;%20document.write%28%27span%3E%27%29;%20\/\/--%3E%20%3C\/script%3E\" target=\"_blank\">.<\/a><\/p>\n<p>A programa\u00e7\u00e3o do evento \u00e9 a seguinte:<\/p>\n<p>8 de setembro<\/p>\n<p>8h \u00e0s 10h \u2013 Mesa de Abertura<br \/>\n10h \u00e0s 11h \u2013 Coffee Break<br \/>\n11h \u00e0s 12h \u2013 Leitura e Aprova\u00e7\u00e3o do Regimento Interno<br \/>\n12h \u00e0s 14h \u2013 Almo\u00e7o<br \/>\n14h \u00e0s 18h \u2013 Conjuntura Nacional e Internacional<br \/>\n18h \u00e0s 20h \u2013 Jantar<\/p>\n<p>09 de setembro<\/p>\n<p>8h \u00e0s 12h \u2013 Legisla\u00e7\u00e3o de Tr\u00e2nsito<br \/>\n12h \u00e0s 14h \u2013 Almo\u00e7o<br \/>\n14h \u00e0s 18h \u2013 Uma nova vis\u00e3o de Seguran\u00e7a para as Universidades<br \/>\n18h \u00e0s 20h\u2013 Jantar<\/p>\n<p>10 de setembro<\/p>\n<p>8h \u00e0s 10h \u2013 Terceiriza\u00e7\u00e3o e Concurso P\u00fablico<br \/>\n10h \u00e0s 12h \u2013 Depend\u00eancia Qu\u00edmica nas Universidades<br \/>\n12h \u00e0s 14h \u2013 Almo\u00e7o<br \/>\n14h \u00e0s 18h \u2013 Momento Cultural<br \/>\n18h \u00e0s 20h \u2013 Jantar<\/p>\n<p>11 de setembro<\/p>\n<p>8h \u00e0s 12h \u2013 Sistema de Seguran\u00e7a e Tecnologia da Informa\u00e7\u00e3o<br \/>\n12h \u00e0s 14h \u2013 Almo\u00e7o<br \/>\n14h \u00e0s 16h \u2013 Preparando aposentadoria (envelhecendo sem ficar velho)<br \/>\n16h \u00e0s 18h \u2013 Legisla\u00e7\u00e3o, Adicional e Projetos no Congresso Nacional<br \/>\n18h \u00e0s 29h \u2013 Jantar<\/p>\n<p>12 de setembro<\/p>\n<p>8h \u00e0s 12h &#8211; Inicio Plen\u00e1ria Final<br \/>\n12h \u00e0s 14h &#8211; Almo\u00e7o<br \/>\n14h \u00e0s 18h &#8211; Posse dos Novos Coordenadores Eleitos e Final da plen\u00e1ria<\/p>\n<p>13 de setembro<\/p>\n<p>9h \u00e0s 15h &#8211; Entrega dos certificados e confraterniza\u00e7\u00e3o na Praia de B\u00fazio na sede da AFURN.<\/p>\n<p>&nbsp;<\/p>\n<p><strong><em>Imprensa Sintema com dados do www.fasubra.org.br<\/em><\/strong><\/p>\n<p>&nbsp;<\/p>\n","protected":false},"excerpt":{"rendered":"<p>&nbsp; O trabalhador da base, Walter Junior, est\u00e1 participando do XXIII Semin\u00e1rio Nacional de Seguran\u00e7a das Institui\u00e7\u00f5es P\u00fablica de Ensino Superior (IPES) e Educa\u00e7\u00e3o B\u00e1sica T\u00e9cnica e Tecnol\u00f3gica (EBTT), na Universidade Federal do Rio Grande do Norte &#8211; UFRN. O SINTEMA apoiou a ida de Walter com o intuito de manter a cont\u00ednua participa\u00e7\u00e3o nestes [&hellip;]<\/p>\n","protected":false},"author":2,"featured_media":0,"comment_status":"open","ping_status":"open","sticky":false,"template":"","format":"standard","meta":[],"categories":[5,18],"tags":[],"_links":{"self":[{"href":"https:\/\/sintema.org.br\/sintema\/wp-json\/wp\/v2\/posts\/5179"}],"collection":[{"href":"https:\/\/sintema.org.br\/sintema\/wp-json\/wp\/v2\/posts"}],"about":[{"href":"https:\/\/sintema.org.br\/sintema\/wp-json\/wp\/v2\/types\/post"}],"author":[{"embeddable":true,"href":"https:\/\/sintema.org.br\/sintema\/wp-json\/wp\/v2\/users\/2"}],"replies":[{"embeddable":true,"href":"https:\/\/sintema.org.br\/sintema\/wp-json\/wp\/v2\/comments?post=5179"}],"version-history":[{"count":2,"href":"https:\/\/sintema.org.br\/sintema\/wp-json\/wp\/v2\/posts\/5179\/revisions"}],"predecessor-version":[{"id":5183,"href":"https:\/\/sintema.org.br\/sintema\/wp-json\/wp\/v2\/posts\/5179\/revisions\/5183"}],"wp:attachment":[{"href":"https:\/\/sintema.org.br\/sintema\/wp-json\/wp\/v2\/media?parent=5179"}],"wp:term":[{"taxonomy":"category","embeddable":true,"href":"https:\/\/sintema.org.br\/sintema\/wp-json\/wp\/v2\/categories?post=5179"},{"taxonomy":"post_tag","embeddable":true,"href":"https:\/\/sintema.org.br\/sintema\/wp-json\/wp\/v2\/tags?post=5179"}],"curies":[{"name":"wp","href":"https:\/\/api.w.org\/{rel}","templated":true}]}}