{"id":5192,"date":"2014-09-16T18:08:51","date_gmt":"2014-09-16T18:08:51","guid":{"rendered":"http:\/\/sintema.org.br\/sintema\/?p=5192"},"modified":"2014-09-16T18:08:51","modified_gmt":"2014-09-16T18:08:51","slug":"representacao-da-fasubra-participa-seminario-nacional-de-seguranca-das-ifes-e-educacao-basica-tecnica-e-tecnologica","status":"publish","type":"post","link":"https:\/\/sintema.org.br\/sintema\/representacao-da-fasubra-participa-seminario-nacional-de-seguranca-das-ifes-e-educacao-basica-tecnica-e-tecnologica\/","title":{"rendered":"Representa\u00e7\u00e3o da FASUBRA participa Semin\u00e1rio Nacional de Seguran\u00e7a das IFEs e Educa\u00e7\u00e3o B\u00e1sica T\u00e9cnica e Tecnol\u00f3gica"},"content":{"rendered":"<p><a href=\"http:\/\/sintema.org.br\/sintema\/wp-content\/uploads\/2014\/09\/seminarioseg1609141.jpg\"><img loading=\"lazy\" class=\"alignnone  wp-image-5193\" alt=\"seminarioseg1609141\" src=\"http:\/\/sintema.org.br\/sintema\/wp-content\/uploads\/2014\/09\/seminarioseg1609141.jpg\" width=\"480\" height=\"319\" srcset=\"https:\/\/sintema.org.br\/sintema\/wp-content\/uploads\/2014\/09\/seminarioseg1609141.jpg 800w, https:\/\/sintema.org.br\/sintema\/wp-content\/uploads\/2014\/09\/seminarioseg1609141-300x199.jpg 300w\" sizes=\"(max-width: 480px) 100vw, 480px\" \/><\/a><\/p>\n<p>Uma representa\u00e7\u00e3o da Fasubra Sindical esteve presente no XXII Semin\u00e1rio Nacional de Seguran\u00e7a das Institui\u00e7\u00f5es de Ensino Superior e Educa\u00e7\u00e3o B\u00e1sica T\u00e9cnica e Tecnol\u00f3gica, acontecido no pr\u00e9dio da reitoria da Universidade Federal do Rio Grande do Norte entre 08 a 13 de setembro. Objetivo do evento foi debater:<\/p>\n<p>1- Novas pol\u00edticas e teorias para as IFES<\/p>\n<p>2- Avalia\u00e7\u00e3o de conjuntura Nacional e Internacional<\/p>\n<p>3- Legisla\u00e7\u00e3o de Tr\u00e2nsito<\/p>\n<p>4- Uma nova vis\u00e3o de seguran\u00e7a para as Ifes<\/p>\n<p>5- Terceiriza\u00e7\u00e3o e Abertura de Concurso P\u00fablico<\/p>\n<p>6- Depend\u00eancias Qu\u00edmicas nas Universidades<\/p>\n<p>7- Sistema de seguran\u00e7a Tecnol\u00f3gica da Informa\u00e7\u00e3o<\/p>\n<p>8- Prepara\u00e7\u00e3o para Aposentadoria<\/p>\n<p>9- Legisla\u00e7\u00e3o, Adicional Risco de Vida, Projetos que est\u00e3o tramitando no Congresso Nacional<\/p>\n<p>10- Posse da nova Coordena\u00e7\u00e3o e escolha da nova sede que sediar\u00e1 o pr\u00f3ximo evento e Plen\u00e1ria Final.<\/p>\n<p>De acordo com a representa\u00e7\u00e3o da FASUBRA, na escolha da nova sede para o pr\u00f3ximo encontro se credenciaram duas entidades, BH e UNB, tendo ganho a proposta do Sindifes BH. A Dire\u00e7\u00e3o da Fasubra contribuiu com todos os debates e ajudou a construir pol\u00edticas para a categoria.<\/p>\n<p>&nbsp;<\/p>\n<div>\n<p>Representaram a FASUBRA os coordenadores Darci Silva, Ros\u00e2ngela Costa, Ivanilda Reis, Francisco de Assis, Mario Garofolo e Rog\u00e9rio Marzola. Um relat\u00f3rio final com as propostas oriundas do semin\u00e1rio ser\u00e1 elaborado por uma Comiss\u00e3o do Grupo de Trabalho Seguran\u00e7a e posteriormente disponibilizado em I.D.<\/p>\n<\/div>\n<p>__________________________________________________________________________________<\/p>\n<p>Fonte: www.fasubra.org.br<\/p>\n<p>Texto: ASCOM FASUBRA<\/p>\n","protected":false},"excerpt":{"rendered":"<p>Uma representa\u00e7\u00e3o da Fasubra Sindical esteve presente no XXII Semin\u00e1rio Nacional de Seguran\u00e7a das Institui\u00e7\u00f5es de Ensino Superior e Educa\u00e7\u00e3o B\u00e1sica T\u00e9cnica e Tecnol\u00f3gica, acontecido no pr\u00e9dio da reitoria da Universidade Federal do Rio Grande do Norte entre 08 a 13 de setembro. Objetivo do evento foi debater: 1- Novas pol\u00edticas e teorias para as [&hellip;]<\/p>\n","protected":false},"author":2,"featured_media":0,"comment_status":"open","ping_status":"open","sticky":false,"template":"","format":"standard","meta":[],"categories":[5,18],"tags":[],"_links":{"self":[{"href":"https:\/\/sintema.org.br\/sintema\/wp-json\/wp\/v2\/posts\/5192"}],"collection":[{"href":"https:\/\/sintema.org.br\/sintema\/wp-json\/wp\/v2\/posts"}],"about":[{"href":"https:\/\/sintema.org.br\/sintema\/wp-json\/wp\/v2\/types\/post"}],"author":[{"embeddable":true,"href":"https:\/\/sintema.org.br\/sintema\/wp-json\/wp\/v2\/users\/2"}],"replies":[{"embeddable":true,"href":"https:\/\/sintema.org.br\/sintema\/wp-json\/wp\/v2\/comments?post=5192"}],"version-history":[{"count":1,"href":"https:\/\/sintema.org.br\/sintema\/wp-json\/wp\/v2\/posts\/5192\/revisions"}],"predecessor-version":[{"id":5194,"href":"https:\/\/sintema.org.br\/sintema\/wp-json\/wp\/v2\/posts\/5192\/revisions\/5194"}],"wp:attachment":[{"href":"https:\/\/sintema.org.br\/sintema\/wp-json\/wp\/v2\/media?parent=5192"}],"wp:term":[{"taxonomy":"category","embeddable":true,"href":"https:\/\/sintema.org.br\/sintema\/wp-json\/wp\/v2\/categories?post=5192"},{"taxonomy":"post_tag","embeddable":true,"href":"https:\/\/sintema.org.br\/sintema\/wp-json\/wp\/v2\/tags?post=5192"}],"curies":[{"name":"wp","href":"https:\/\/api.w.org\/{rel}","templated":true}]}}