{"id":5196,"date":"2014-09-23T12:24:03","date_gmt":"2014-09-23T12:24:03","guid":{"rendered":"http:\/\/sintema.org.br\/sintema\/?p=5196"},"modified":"2014-09-23T12:24:03","modified_gmt":"2014-09-23T12:24:03","slug":"fasubra-e-representada-na-reuniao-da-comissao-intersetorial-de-comunicacao-do-conselho-nacional-de-saude","status":"publish","type":"post","link":"https:\/\/sintema.org.br\/sintema\/fasubra-e-representada-na-reuniao-da-comissao-intersetorial-de-comunicacao-do-conselho-nacional-de-saude\/","title":{"rendered":"FASUBRA \u00e9 representada na reuni\u00e3o da Comiss\u00e3o Intersetorial de Comunica\u00e7\u00e3o do Conselho Nacional de Sa\u00fade"},"content":{"rendered":"<p><a href=\"http:\/\/sintema.org.br\/sintema\/wp-content\/uploads\/2014\/09\/cicis1509141.jpg\"><img loading=\"lazy\" class=\"alignnone  wp-image-5197\" alt=\"cicis1509141\" src=\"http:\/\/sintema.org.br\/sintema\/wp-content\/uploads\/2014\/09\/cicis1509141.jpg\" width=\"448\" height=\"252\" srcset=\"https:\/\/sintema.org.br\/sintema\/wp-content\/uploads\/2014\/09\/cicis1509141.jpg 800w, https:\/\/sintema.org.br\/sintema\/wp-content\/uploads\/2014\/09\/cicis1509141-300x168.jpg 300w\" sizes=\"(max-width: 448px) 100vw, 448px\" \/><\/a><\/p>\n<p>A Fasubra Sindical participou nesta segunda-feira (15) da reuni\u00e3o da Comiss\u00e3o Intersetorial de Comunica\u00e7\u00e3o e Informa\u00e7\u00e3o em Sa\u00fade \u2013 CICIS -, ocorrida no Minist\u00e9rio da Sa\u00fade, para elaborar pol\u00edticas e programas de comunica\u00e7\u00e3o a serem aplicados na XV Confer\u00eancia Nacional de Sa\u00fade que ser\u00e1 realizada em novembro de 2015. A meta da reuni\u00e3o foi definir a realiza\u00e7\u00e3o de uma oficina na Funda\u00e7\u00e3o Oswaldo Cruz (Fiocruz) do Rio de Janeiro com todos os militantes de comunica\u00e7\u00e3o de massas e a grande m\u00eddia, para melhorar a promo\u00e7\u00e3o do Sistema \u00danico de Sa\u00fade (SUS) e da XV Confer\u00eancia de Sa\u00fade.<\/p>\n<p>A CICIS foi criada pela resolu\u00e7\u00e3o 277 de 07 maio\u00a0 de 1998 e reativada pela resolu\u00e7\u00e3o 349 de 05 de maio de 2005, e tem por objetivo assessorar o Conselho Nacional de Sa\u00fade (CNS) em temas que buscam a democratiza\u00e7\u00e3o da comunica\u00e7\u00e3o e informa\u00e7\u00e3o, em todos os aspectos, bem como a interlocu\u00e7\u00e3o permanente entre os conselhos municipais e estaduais de sa\u00fade para o fortalecimento do controle social e do SUS.<\/p>\n<p>Dentre as atribui\u00e7\u00f5es da CICIS destacam-se: a busca pelo aperfei\u00e7oamento da capacidade de comunica\u00e7\u00e3o e informa\u00e7\u00e3o, coordena\u00e7\u00e3o, gest\u00e3o e operacionaliza\u00e7\u00e3o de pol\u00edticas e a\u00e7\u00f5es p\u00fablicas dirigidas \u00e0 qualidade de sa\u00fade e vida da popula\u00e7\u00e3o, mediante a compatibiliza\u00e7\u00e3o das bases de dados de comunica\u00e7\u00e3o e de informa\u00e7\u00e3o sobre os fatores condicionantes e determinantes da sa\u00fade e a garantia do acesso dos conselhos de sa\u00fade \u00e0s informa\u00e7\u00f5es necess\u00e1rias \u00e0 sua atua\u00e7\u00e3o.<\/p>\n<p><em>XV Confer\u00eancia Nacional de Sa\u00fade<\/em><\/p>\n<p>Na reuni\u00e3o de hoje ficou previamente definido que a oficina de planejamento da XV Confer\u00eancia Nacional de Sa\u00fade ser\u00e1 realizada pelo CNS nas datas prov\u00e1veis de 10, 11 e 12 de novembro, ou 29, 30 e 31 de outubro. Os objetivos da oficina incluem a discuss\u00e3o sobre estrat\u00e9gias nacionais de comunica\u00e7\u00e3o, a constru\u00e7\u00e3o com os conselhos de sa\u00fade de estrat\u00e9gias de comunica\u00e7\u00e3o para XV Confer\u00eancia e de uma rede de comunicadores\/meio para a Participa\u00e7\u00e3o Social na Sa\u00fade.<\/p>\n<p>A expectativa \u00e9 de que ao final da oficina seja alavancada uma rede de comunicadores que seria um espa\u00e7o para dar desdobramentos ao que for discutido durante a oficina, permitindo troca de ideias, otimiza\u00e7\u00e3o de recursos e a\u00e7\u00f5es em parceria. A rede facilitar\u00e1 tamb\u00e9m a articula\u00e7\u00e3o de a\u00e7\u00f5es de \u00e2mbito nacional, de forma descentralizada e considerando o princ\u00edpio de horizontalidade que permeia o conceito de redes, \u00a0de forma que a \u201cRede de Comunicadores para a XV CNS\u201d deve guardar espa\u00e7o para m\u00faltiplos espa\u00e7os de protagonismo.<\/p>\n<p>A FASUBRA Sindical foi representada pelo coordenador Rolando Malv\u00e1sio J\u00faniuor.<\/p>\n<p>Fonte: Fasubra.<\/p>\n","protected":false},"excerpt":{"rendered":"<p>A Fasubra Sindical participou nesta segunda-feira (15) da reuni\u00e3o da Comiss\u00e3o Intersetorial de Comunica\u00e7\u00e3o e Informa\u00e7\u00e3o em Sa\u00fade \u2013 CICIS -, ocorrida no Minist\u00e9rio da Sa\u00fade, para elaborar pol\u00edticas e programas de comunica\u00e7\u00e3o a serem aplicados na XV Confer\u00eancia Nacional de Sa\u00fade que ser\u00e1 realizada em novembro de 2015. A meta da reuni\u00e3o foi definir [&hellip;]<\/p>\n","protected":false},"author":2,"featured_media":0,"comment_status":"open","ping_status":"open","sticky":false,"template":"","format":"standard","meta":[],"categories":[5,18],"tags":[],"_links":{"self":[{"href":"https:\/\/sintema.org.br\/sintema\/wp-json\/wp\/v2\/posts\/5196"}],"collection":[{"href":"https:\/\/sintema.org.br\/sintema\/wp-json\/wp\/v2\/posts"}],"about":[{"href":"https:\/\/sintema.org.br\/sintema\/wp-json\/wp\/v2\/types\/post"}],"author":[{"embeddable":true,"href":"https:\/\/sintema.org.br\/sintema\/wp-json\/wp\/v2\/users\/2"}],"replies":[{"embeddable":true,"href":"https:\/\/sintema.org.br\/sintema\/wp-json\/wp\/v2\/comments?post=5196"}],"version-history":[{"count":2,"href":"https:\/\/sintema.org.br\/sintema\/wp-json\/wp\/v2\/posts\/5196\/revisions"}],"predecessor-version":[{"id":5199,"href":"https:\/\/sintema.org.br\/sintema\/wp-json\/wp\/v2\/posts\/5196\/revisions\/5199"}],"wp:attachment":[{"href":"https:\/\/sintema.org.br\/sintema\/wp-json\/wp\/v2\/media?parent=5196"}],"wp:term":[{"taxonomy":"category","embeddable":true,"href":"https:\/\/sintema.org.br\/sintema\/wp-json\/wp\/v2\/categories?post=5196"},{"taxonomy":"post_tag","embeddable":true,"href":"https:\/\/sintema.org.br\/sintema\/wp-json\/wp\/v2\/tags?post=5196"}],"curies":[{"name":"wp","href":"https:\/\/api.w.org\/{rel}","templated":true}]}}