{"id":5200,"date":"2014-09-23T12:36:47","date_gmt":"2014-09-23T12:36:47","guid":{"rendered":"http:\/\/sintema.org.br\/sintema\/?p=5200"},"modified":"2014-09-23T12:36:47","modified_gmt":"2014-09-23T12:36:47","slug":"reuniao-nacional-de-mulheres-trabalhadoras-da-fasubra-sindical-sera-nos-dias-10-e-11-de-outubro","status":"publish","type":"post","link":"https:\/\/sintema.org.br\/sintema\/reuniao-nacional-de-mulheres-trabalhadoras-da-fasubra-sindical-sera-nos-dias-10-e-11-de-outubro\/","title":{"rendered":"Reuni\u00e3o Nacional de Mulheres Trabalhadoras da FASUBRA Sindical ser\u00e1 nos dias 10 e 11 de outubro"},"content":{"rendered":"<p><a href=\"http:\/\/sintema.org.br\/sintema\/wp-content\/uploads\/2014\/09\/mulhertrabalhadora1909141.jpg\"><img loading=\"lazy\" class=\"alignnone  wp-image-5201\" alt=\"mulhertrabalhadora1909141\" src=\"http:\/\/sintema.org.br\/sintema\/wp-content\/uploads\/2014\/09\/mulhertrabalhadora1909141.jpg\" width=\"560\" height=\"398\" srcset=\"https:\/\/sintema.org.br\/sintema\/wp-content\/uploads\/2014\/09\/mulhertrabalhadora1909141.jpg 800w, https:\/\/sintema.org.br\/sintema\/wp-content\/uploads\/2014\/09\/mulhertrabalhadora1909141-300x213.jpg 300w\" sizes=\"(max-width: 560px) 100vw, 560px\" \/><\/a><\/p>\n<p><i>A\u00a0<\/i>FASUBRA Sindical convida a base para participar da REUNI\u00c3O NACIONAL DE MULHERES TRABALHADORAS DA FASUBRA Sindical, que acontecer\u00e1 nos dias 10 e 11\/10\/14.<\/p>\n<p>O evento pretende reunir t\u00e9cnica-administrativas de todo o pa\u00eds em torno de discuss\u00f5es que abordar\u00e3o as \u201ca\u00e7\u00f5es de implementa\u00e7\u00e3o do nosso plano de luta\u201d.<\/p>\n<p>PROGRAMA\u00c7\u00c3O:<\/p>\n<p align=\"left\"><strong>10 de outubro:\u00a0<\/strong><\/p>\n<p align=\"left\">8:30 \u2013 Credenciamento<\/p>\n<p align=\"left\">9h \u2013 Abertura<\/p>\n<p align=\"left\">9:30 &#8211; Informes de Base com foco em atividades e \u00a0experi\u00eancias das mulheres em nossos sindicatos de base.<\/p>\n<p align=\"left\">12h \u2013 Almo\u00e7o<\/p>\n<p align=\"left\">13h30 \u00e0s 17h30\u00a0&#8211; Forma\u00e7\u00e3o do Grupos de Trabalhos<\/p>\n<p align=\"left\"><strong>11 de outubro:<\/strong><\/p>\n<p align=\"left\">9h &#8211; Apresenta\u00e7\u00e3o dos Grupos de Trabalho e destaques<\/p>\n<p align=\"left\">12h \u2013 almo\u00e7o<\/p>\n<p align=\"left\">13h30 &#8211; Apresenta\u00e7\u00e3o dos Grupos de Trabalho e destaques<\/p>\n<p align=\"left\">16h &#8211; Fechamento com constru\u00e7\u00e3o do nossas a\u00e7\u00f5es para implementa\u00e7\u00e3o do nosso plano de lutas.<\/p>\n<p align=\"left\">17h30 Encerramento.<\/p>\n<p>A FASUBRA enfatiza a necessidade de que as entidades informem a quantidade de participantes at\u00e9 o dia 30 do corrente m\u00eas, com vistas \u00e0 prepara\u00e7\u00e3o da inscri\u00e7\u00e3o para o evento. As informa\u00e7\u00f5es devem ser encaminhadas para o e-mail:\u00a0<a href=\"mailto:fasubra@fasubra.org.br\">fasubra@fasubra.org.br<\/a>.<b>\u00a0<\/b><\/p>\n<p><strong>Resolu\u00e7\u00e3o sobre creche:<\/strong><\/p>\n<p><i>15) Garantir a participa\u00e7\u00e3o das mulheres que t\u00eam filhos de zero a onze anos, com creches nas atividades de milit\u00e2ncia garantindo o financiamento pelas entidades de base acrescido o caso de homens pais que detenham a guarda dos filhos. Os filhos portadores de necessidades especiais n\u00e3o tem limita\u00e7\u00e3o de idade. No caso da atividade ser nos f\u00f3runs da Fasubra e a entidade de base n\u00e3o arcar com os custos das crian\u00e7as, a Fasubra arcar\u00e1 no momento e o valor ser\u00e1 lan\u00e7ado como d\u00edvida para entidade de base. No caso das m\u00e3es que cuidarem sozinhas de seus filhos \u00e9 garantida a participa\u00e7\u00e3o dos filhos enquanto forem menores de idade tendo comprovado o problema na entidade de base.<\/i><\/p>\n<p><strong><i>______________________________________<\/i><br \/>\n<\/strong><\/p>\n<p><strong><i>Texto: DN Fasubra<\/i><\/strong><\/p>\n<p><em>Fonte: www.fasubra.org.br<\/em><\/p>\n","protected":false},"excerpt":{"rendered":"<p>A\u00a0FASUBRA Sindical convida a base para participar da REUNI\u00c3O NACIONAL DE MULHERES TRABALHADORAS DA FASUBRA Sindical, que acontecer\u00e1 nos dias 10 e 11\/10\/14. O evento pretende reunir t\u00e9cnica-administrativas de todo o pa\u00eds em torno de discuss\u00f5es que abordar\u00e3o as \u201ca\u00e7\u00f5es de implementa\u00e7\u00e3o do nosso plano de luta\u201d. PROGRAMA\u00c7\u00c3O: 10 de outubro:\u00a0 8:30 \u2013 Credenciamento 9h [&hellip;]<\/p>\n","protected":false},"author":2,"featured_media":0,"comment_status":"open","ping_status":"open","sticky":false,"template":"","format":"standard","meta":[],"categories":[5,18],"tags":[],"_links":{"self":[{"href":"https:\/\/sintema.org.br\/sintema\/wp-json\/wp\/v2\/posts\/5200"}],"collection":[{"href":"https:\/\/sintema.org.br\/sintema\/wp-json\/wp\/v2\/posts"}],"about":[{"href":"https:\/\/sintema.org.br\/sintema\/wp-json\/wp\/v2\/types\/post"}],"author":[{"embeddable":true,"href":"https:\/\/sintema.org.br\/sintema\/wp-json\/wp\/v2\/users\/2"}],"replies":[{"embeddable":true,"href":"https:\/\/sintema.org.br\/sintema\/wp-json\/wp\/v2\/comments?post=5200"}],"version-history":[{"count":1,"href":"https:\/\/sintema.org.br\/sintema\/wp-json\/wp\/v2\/posts\/5200\/revisions"}],"predecessor-version":[{"id":5202,"href":"https:\/\/sintema.org.br\/sintema\/wp-json\/wp\/v2\/posts\/5200\/revisions\/5202"}],"wp:attachment":[{"href":"https:\/\/sintema.org.br\/sintema\/wp-json\/wp\/v2\/media?parent=5200"}],"wp:term":[{"taxonomy":"category","embeddable":true,"href":"https:\/\/sintema.org.br\/sintema\/wp-json\/wp\/v2\/categories?post=5200"},{"taxonomy":"post_tag","embeddable":true,"href":"https:\/\/sintema.org.br\/sintema\/wp-json\/wp\/v2\/tags?post=5200"}],"curies":[{"name":"wp","href":"https:\/\/api.w.org\/{rel}","templated":true}]}}