{"id":5214,"date":"2014-09-25T14:53:35","date_gmt":"2014-09-25T14:53:35","guid":{"rendered":"http:\/\/sintema.org.br\/sintema\/?p=5214"},"modified":"2014-09-25T15:54:26","modified_gmt":"2014-09-25T15:54:26","slug":"tecnico-administrativo-em-educacao-da-ufma-apoiado-pelo-sintema-e-vice-campeao-de-badmington","status":"publish","type":"post","link":"https:\/\/sintema.org.br\/sintema\/tecnico-administrativo-em-educacao-da-ufma-apoiado-pelo-sintema-e-vice-campeao-de-badmington\/","title":{"rendered":"T\u00e9cnico-administrativo em Educa\u00e7\u00e3o da UFMA apoiado pelo SINTEMA \u00e9 vice-campe\u00e3o de Badmington"},"content":{"rendered":"[caption id=\"\" align=\"alignnone\" width=\"388\"]<a href=\"http:\/\/sintema.org.br\/sintema\/wp-content\/uploads\/2014\/09\/IMG-20140905-WA0028.jpg\"><img loading=\"lazy\" alt=\"Walter J\u00fanior, \u00e0 esquerda, 2\u00ba colocado no Circuito Norde Nordeste de Badminton.\" src=\"http:\/\/sintema.org.br\/sintema\/wp-content\/uploads\/2014\/09\/IMG-20140905-WA0028.jpg\" width=\"388\" height=\"292\" \/><\/a> Walter J\u00fanior, \u00e0 esquerda, 2\u00ba colocado no Circuito Norde Nordeste de Badminton.[\/caption]\n<p>&nbsp;<\/p>\n<p>O trabalhador da base e associado ao SINTEMA, Walter J\u00fanior, t\u00e9cnico-administrativo em educa\u00e7\u00e3o da UFMA, participou do Circuito Norte-Nordeste de BADMINTON ocorrido na cidade de Teresina-PI, nos dias 30 e 31 de agosto de 2014.<\/p>\n<div>\n<dl id=\"attachment_5173\">\n<dt><a href=\"http:\/\/sintema.org.br\/sintema\/wp-content\/uploads\/2014\/09\/IMG-20140905-WA0025.jpg\"><img loading=\"lazy\" alt=\"Medalhas conquistadas no Circuito.\" src=\"http:\/\/sintema.org.br\/sintema\/wp-content\/uploads\/2014\/09\/IMG-20140905-WA0025-575x1024.jpg\" width=\"345\" height=\"614\" \/><\/a><\/dt>\n<dd>Medalhas conquistadas no Circuito.<\/dd>\n<\/dl>\n<\/div>\n<p>Walter que j\u00e1 treina ao longo de um ano nesta modalidade, vem disputando alguns torneios locais como forma de prepara\u00e7\u00e3o para eventos maiores. O Circuito Norte Nordeste \u00e9 um deles, oportunidade em que o trabalhador conquistou a 2\u00aa coloca\u00e7\u00e3o.<\/p>\n<p>O SINTEMA apoiou a ida de Walter ao Circuito e o parabeniza pela \u00f3tima coloca\u00e7\u00e3o!<\/p>\n<p>&nbsp;<\/p>\n<p>Imprensa Sintema.<\/p>\n","protected":false},"excerpt":{"rendered":"<p>&nbsp; O trabalhador da base e associado ao SINTEMA, Walter J\u00fanior, t\u00e9cnico-administrativo em educa\u00e7\u00e3o da UFMA, participou do Circuito Norte-Nordeste de BADMINTON ocorrido na cidade de Teresina-PI, nos dias 30 e 31 de agosto de 2014. Medalhas conquistadas no Circuito. Walter que j\u00e1 treina ao longo de um ano nesta modalidade, vem disputando alguns torneios [&hellip;]<\/p>\n","protected":false},"author":2,"featured_media":0,"comment_status":"open","ping_status":"open","sticky":false,"template":"","format":"standard","meta":[],"categories":[12,5,1],"tags":[],"_links":{"self":[{"href":"https:\/\/sintema.org.br\/sintema\/wp-json\/wp\/v2\/posts\/5214"}],"collection":[{"href":"https:\/\/sintema.org.br\/sintema\/wp-json\/wp\/v2\/posts"}],"about":[{"href":"https:\/\/sintema.org.br\/sintema\/wp-json\/wp\/v2\/types\/post"}],"author":[{"embeddable":true,"href":"https:\/\/sintema.org.br\/sintema\/wp-json\/wp\/v2\/users\/2"}],"replies":[{"embeddable":true,"href":"https:\/\/sintema.org.br\/sintema\/wp-json\/wp\/v2\/comments?post=5214"}],"version-history":[{"count":4,"href":"https:\/\/sintema.org.br\/sintema\/wp-json\/wp\/v2\/posts\/5214\/revisions"}],"predecessor-version":[{"id":5218,"href":"https:\/\/sintema.org.br\/sintema\/wp-json\/wp\/v2\/posts\/5214\/revisions\/5218"}],"wp:attachment":[{"href":"https:\/\/sintema.org.br\/sintema\/wp-json\/wp\/v2\/media?parent=5214"}],"wp:term":[{"taxonomy":"category","embeddable":true,"href":"https:\/\/sintema.org.br\/sintema\/wp-json\/wp\/v2\/categories?post=5214"},{"taxonomy":"post_tag","embeddable":true,"href":"https:\/\/sintema.org.br\/sintema\/wp-json\/wp\/v2\/tags?post=5214"}],"curies":[{"name":"wp","href":"https:\/\/api.w.org\/{rel}","templated":true}]}}