{"id":5220,"date":"2014-09-26T17:00:44","date_gmt":"2014-09-26T17:00:44","guid":{"rendered":"http:\/\/sintema.org.br\/sintema\/?p=5220"},"modified":"2014-09-26T17:00:44","modified_gmt":"2014-09-26T17:00:44","slug":"fasubra-e-secretaria-de-educacao-superior-do-ministerio-da-educacao-reunem-se-em-negociacao","status":"publish","type":"post","link":"https:\/\/sintema.org.br\/sintema\/fasubra-e-secretaria-de-educacao-superior-do-ministerio-da-educacao-reunem-se-em-negociacao\/","title":{"rendered":"FASUBRA e Secretaria de Educa\u00e7\u00e3o Superior do Minist\u00e9rio da Educa\u00e7\u00e3o re\u00fanem-se em negocia\u00e7\u00e3o"},"content":{"rendered":"<p><a href=\"http:\/\/sintema.org.br\/sintema\/wp-content\/uploads\/2014\/09\/Reunio-SESu-03.jpg\"><img loading=\"lazy\" class=\"alignnone  wp-image-5221\" alt=\"Reunio SESu 03\" src=\"http:\/\/sintema.org.br\/sintema\/wp-content\/uploads\/2014\/09\/Reunio-SESu-03.jpg\" width=\"480\" height=\"270\" srcset=\"https:\/\/sintema.org.br\/sintema\/wp-content\/uploads\/2014\/09\/Reunio-SESu-03.jpg 800w, https:\/\/sintema.org.br\/sintema\/wp-content\/uploads\/2014\/09\/Reunio-SESu-03-300x168.jpg 300w\" sizes=\"(max-width: 480px) 100vw, 480px\" \/><\/a><\/p>\n<p>A reuni\u00e3o com a SESu resumiu-se \u00e0 reafirma\u00e7\u00e3o por parte do Secret\u00e1rio de Educa\u00e7\u00e3o Superior do Minist\u00e9rio da Educa\u00e7\u00e3o, Paulo Speller de que todo o ac\u00famulo do debate ocorrido entre a FASUBRA e o Minist\u00e9rio est\u00e1 sendo consolidado, em conjunto com os temas que foram remetidos para an\u00e1lise na reuni\u00e3o da Comiss\u00e3o Nacional de Supervis\u00e3o da Carreira (CNSC), para apresenta\u00e7\u00e3o \u00e0 federa\u00e7\u00e3o.<\/p>\n<p>A Dire\u00e7\u00e3o Nacional da FASUBRA cobrou do governo celeridade para conclus\u00e3o do processo negocial, uma vez que o debate que perdura desde o final da greve de 2012 resultou em um acordo assinado e n\u00e3o cumprido pelo governo. Ficou acordado que a SESu dar\u00e1 retorno formal \u00e0 FASUBRA antes das elei\u00e7\u00f5es presidenciais (1\u00ba turno).<\/p>\n<p>A representa\u00e7\u00e3o da FASUBRA aproveitou a oportunidade para reapresentar ao governo of\u00edcio exigindo provid\u00eancias para a den\u00fancia pelo n\u00e3o cumprimento do que foi determinado pelo MEC e pelo Superior Tribunal de Justi\u00e7a (STJ), \u00a0de que nenhum trabalhador seria punido por ter participado do movimento paredista.<\/p>\n<p>Ocorre que o reitor do Instituto Federal de Minas Gerais, da base do SINDIFES, desobedecendo \u00e0 ordem judicial e orienta\u00e7\u00e3o do MEC, \u00a0cortou tr\u00eas meses de sal\u00e1rios e at\u00e9 o presente momento n\u00e3o devolveu na sua integralidade o que foi cortado. O Secret\u00e1rio da SESu acolheu a demanda e ficou de encaminhar ao Ministro da Educa\u00e7\u00e3o para \u00a0provid\u00eancias.<\/p>\n<p>Fonte: Fasubra.<\/p>\n","protected":false},"excerpt":{"rendered":"<p>A reuni\u00e3o com a SESu resumiu-se \u00e0 reafirma\u00e7\u00e3o por parte do Secret\u00e1rio de Educa\u00e7\u00e3o Superior do Minist\u00e9rio da Educa\u00e7\u00e3o, Paulo Speller de que todo o ac\u00famulo do debate ocorrido entre a FASUBRA e o Minist\u00e9rio est\u00e1 sendo consolidado, em conjunto com os temas que foram remetidos para an\u00e1lise na reuni\u00e3o da Comiss\u00e3o Nacional de Supervis\u00e3o [&hellip;]<\/p>\n","protected":false},"author":2,"featured_media":0,"comment_status":"open","ping_status":"open","sticky":false,"template":"","format":"standard","meta":[],"categories":[5,18],"tags":[],"_links":{"self":[{"href":"https:\/\/sintema.org.br\/sintema\/wp-json\/wp\/v2\/posts\/5220"}],"collection":[{"href":"https:\/\/sintema.org.br\/sintema\/wp-json\/wp\/v2\/posts"}],"about":[{"href":"https:\/\/sintema.org.br\/sintema\/wp-json\/wp\/v2\/types\/post"}],"author":[{"embeddable":true,"href":"https:\/\/sintema.org.br\/sintema\/wp-json\/wp\/v2\/users\/2"}],"replies":[{"embeddable":true,"href":"https:\/\/sintema.org.br\/sintema\/wp-json\/wp\/v2\/comments?post=5220"}],"version-history":[{"count":1,"href":"https:\/\/sintema.org.br\/sintema\/wp-json\/wp\/v2\/posts\/5220\/revisions"}],"predecessor-version":[{"id":5222,"href":"https:\/\/sintema.org.br\/sintema\/wp-json\/wp\/v2\/posts\/5220\/revisions\/5222"}],"wp:attachment":[{"href":"https:\/\/sintema.org.br\/sintema\/wp-json\/wp\/v2\/media?parent=5220"}],"wp:term":[{"taxonomy":"category","embeddable":true,"href":"https:\/\/sintema.org.br\/sintema\/wp-json\/wp\/v2\/categories?post=5220"},{"taxonomy":"post_tag","embeddable":true,"href":"https:\/\/sintema.org.br\/sintema\/wp-json\/wp\/v2\/tags?post=5220"}],"curies":[{"name":"wp","href":"https:\/\/api.w.org\/{rel}","templated":true}]}}